{"id":209792,"date":"2024-09-05T10:49:51","date_gmt":"2024-09-05T08:49:51","guid":{"rendered":"http:\/\/www.messinaoggi.it\/website\/?p=209792"},"modified":"2024-09-05T10:49:52","modified_gmt":"2024-09-05T08:49:52","slug":"caccia-bordate-di-alleanza-verdi-sinistra-su-schifani","status":"publish","type":"post","link":"https:\/\/www.messinaoggi.it\/website\/2024\/09\/05\/caccia-bordate-di-alleanza-verdi-sinistra-su-schifani\/","title":{"rendered":"Caccia, bordate di Alleanza verdi sinistra su Schifani"},"content":{"rendered":"\n<p>Le stagioni venatorie lasciano sempre dietro di s\u00e9 un tragico bilancio di morti e feriti, non solo tra gli animali selvatici ma anche tra gli esseri umani. La scarsit\u00e0 di risorse destinate alla sorveglianza del territorio rende la caccia non solo dannosa per la biodiversit\u00e0, ma anche pericolosa per cittadini, agricoltori ed escursionisti.<div id=\"div-gpt-ad-Messinaoggi.it-DSK-300x250-corpoart\" style=\"text-align:center;margin:0 auto;\"><\/div><\/p>\n\n\n\n<p>Una realt\u00e0 gravemente ignorata dal governo Schifani.<div id=\"videoincontent\" style=\"clear:both\";><\/div><\/p>\n\n\n\n<p>Mentre l\u2019Europa infatti chiede maggiori controlli e sanzioni efficaci, la politica del governo siciliano si  muove nella direzione diametralmente opposta, depotenziando organismi scientifici come I&#8217;Istituto Superiore di Protezione e Ricerca Ambientale (ISPRA) e favorendo proposte di legge che allentano le misure di tutela degli animali selvatici, aprendo la strada a una caccia senza limiti temporali e riducendo le sanzioni contro i bracconieri.<\/p>\n\n\n\n<p>Gravissima \u00e8 inoltre la decisione del governo regionale di anticipare la data di apertura della caccia in Sicilia.<\/p>\n\n\n\n<p>Come purtroppo previsto dal Calendario venatorio 2024-2025 emanato dal Presidente della Regione Schifani, dalla prima domenica di settembre, i cacciatori potranno infatti tornare a sparare. In attesa dell\u2019apertura generale fissata al 15 settembre, la Regione ha cos\u00ec autorizzato una speciale deroga per sei giorni, per cacciare colombacci e tortore.<\/p>\n\n\n\n<p>Anche noi, cos\u00ec come le associazioni animaliste e in primo luogo il WWF Sicilia, con il responsabile fauna Ennio Bonfanti, critichiamo con forza l\u2019apertura anticipata della caccia, (pur se limitata a poche specie e con numero massimo di abbattimenti), in quanto in aperto contrasto col parere scientifico fornito dall\u2019ISPRA, che aveva suggerito alla Regione di aprire la caccia non prima del 1 ottobre.<\/p>\n\n\n\n<p>Da una parte, la Giunta regionale ha proclamato lo stato di crisi e di calamit\u00e0 naturale per l\u2019emergenza idrica, dall\u2019altra, con decreto del Presidente Renato Schifani, \u00e8 stato emanato il \u201cCalendario Venatorio 2024-2025\u201d che anticipa l\u2019avvio della stagione di caccia al 1\u00b0 settembre. Le popolazioni di animali selvatici sono gi\u00e0 stremate, deboli e numericamente ridotte a causa di una eccezionale situazione climatica, ambientale ed ecologica che ha interessato tutta la Sicilia, per cui non sussistono le condizioni per l\u2019avvio della caccia e della conseguente uccisione di decine di migliaia di animali per puro divertimento.<\/p>\n","protected":false},"excerpt":{"rendered":"<p>Le stagioni venatorie lasciano sempre dietro di s\u00e9 un tragico bilancio di morti e feriti, non solo tra gli animali selvatici ma anche tra gli esseri umani. La scarsit\u00e0 di risorse destinate alla sorveglianza del territorio rende la caccia non solo dannosa per la biodiversit\u00e0, ma anche pericolosa per cittadini, agricoltori ed escursionisti. Una realt\u00e0 [&hellip;]<\/p>\n","protected":false},"author":2,"featured_media":6881,"comment_status":"open","ping_status":"open","sticky":false,"template":"","format":"standard","meta":{"ub_ctt_via":"","_mi_skip_tracking":false},"categories":[6],"tags":[9007,2740,1817],"featured_image_src":"https:\/\/www.messinaoggi.it\/website\/wp-content\/uploads\/2017\/08\/Protezione-udito-cacciatori-otoprotettori-2.jpg","author_info":{"display_name":"Redazione","author_link":"https:\/\/www.messinaoggi.it\/website\/author\/redazione\/"},"digistream_id":0,"digistream":false,"_links":{"self":[{"href":"https:\/\/www.messinaoggi.it\/website\/wp-json\/wp\/v2\/posts\/209792"}],"collection":[{"href":"https:\/\/www.messinaoggi.it\/website\/wp-json\/wp\/v2\/posts"}],"about":[{"href":"https:\/\/www.messinaoggi.it\/website\/wp-json\/wp\/v2\/types\/post"}],"author":[{"embeddable":true,"href":"https:\/\/www.messinaoggi.it\/website\/wp-json\/wp\/v2\/users\/2"}],"replies":[{"embeddable":true,"href":"https:\/\/www.messinaoggi.it\/website\/wp-json\/wp\/v2\/comments?post=209792"}],"version-history":[{"count":1,"href":"https:\/\/www.messinaoggi.it\/website\/wp-json\/wp\/v2\/posts\/209792\/revisions"}],"predecessor-version":[{"id":209793,"href":"https:\/\/www.messinaoggi.it\/website\/wp-json\/wp\/v2\/posts\/209792\/revisions\/209793"}],"wp:featuredmedia":[{"embeddable":true,"href":"https:\/\/www.messinaoggi.it\/website\/wp-json\/wp\/v2\/media\/6881"}],"wp:attachment":[{"href":"https:\/\/www.messinaoggi.it\/website\/wp-json\/wp\/v2\/media?parent=209792"}],"wp:term":[{"taxonomy":"category","embeddable":true,"href":"https:\/\/www.messinaoggi.it\/website\/wp-json\/wp\/v2\/categories?post=209792"},{"taxonomy":"post_tag","embeddable":true,"href":"https:\/\/www.messinaoggi.it\/website\/wp-json\/wp\/v2\/tags?post=209792"}],"curies":[{"name":"wp","href":"https:\/\/api.w.org\/{rel}","templated":true}]}}