{"id":209576,"date":"2024-09-03T00:05:31","date_gmt":"2024-09-02T22:05:31","guid":{"rendered":"https:\/\/www.messinaoggi.it\/website\/2024\/09\/03\/meloni-litalia-cresce-piu-di-francia-e-germania\/"},"modified":"2024-09-03T00:05:31","modified_gmt":"2024-09-02T22:05:31","slug":"meloni-litalia-cresce-piu-di-francia-e-germania","status":"publish","type":"post","link":"https:\/\/www.messinaoggi.it\/website\/2024\/09\/03\/meloni-litalia-cresce-piu-di-francia-e-germania\/","title":{"rendered":"Meloni \u201cL\u2019Italia cresce pi\u00f9 di Francia e Germania\u201d"},"content":{"rendered":"<div>ROMA (ITALPRESS) &#8211; &#8220;Siamo stati abituati per molti anni a un&#8217;Italia che era sempre un p\u00f2 fanalino di coda nelle classifiche macroeconomiche: non \u00e8 pi\u00f9 questa la situazione. Oggi vediamo un&#8217;Italia che cresce, secondo le stime della Commissione europea, pi\u00f9 di quanto cresce l&#8217;eurozona, pi\u00f9 della Francia e pi\u00f9 della Germania. Abbiamo adesso il tasso di disoccupazione pi\u00f9 basso dal 2008 e il numero di occupati pi\u00f9 alti, crescono i contratti a tempo indeterminato e il lavoro femminile e diminuisce la precariet\u00e0&#8221;. Lo ha detto la presidente del Consiglio, Giorgia Meloni, a &#8220;4 di Sera&#8221; su Retequattro. &#8220;Quest&#8217;anno siamo nell&#8217;export la quarta nazione al mondo per esportazione, altra cosa che non era mai successa: il merito \u00e8 delle imprese del sistema produttivo, il governo tenta di aiutarli restituendo un&#8217;autorevolezza e una credibilit\u00e0 all&#8217;Italia nel mondo, restituendo stabilit\u00e0 perch\u00e8 nessuno vuole investire in una nazione nella quale pu\u00f2 cambiare tutto ogni giorno. Ci vuole continuit\u00e0 anche per avere investimenti&#8221;.<br \/>&#8220;Ho parlato con il ministro Sangiuliano &#8211; aggiunge &#8211; soprattutto per le questioni che interessano il profilo di governo e mi dice che effettivamente aveva valutato la possibilit\u00e0 di dare a questa persona un incarico di collaborazione non retribuito, poi ha fatto una scelta diversa e ha deciso di non dare quell&#8217;incarico. Mi garantisce che questa persona non ha avuto accesso a nessun documento riservato, particolarmente per quello che riguarda il G7, e soprattutto mi garantisce che neanche un euro dei soldi pubblici \u00e8 stato speso per questa persona. Queste sono le cose che a me interessano per i profili di governo, poi il gossip lo lascio ad altri, non ritengo di doverlo commentare&#8221;.<br \/>-foto Agenzia Fotogramma &#8211;<br \/>(ITALPRESS).<\/div>\n<div id=\"div-gpt-ad-Messinaoggi.it-DSK-300x250-corpoart\" style=\"text-align:center;margin:0 auto;\"><\/div><\/p><div id=\"videoincontent\" style=\"clear:both\";><\/div>","protected":false},"excerpt":{"rendered":"<p>ROMA (ITALPRESS) &#8211; &#8220;Siamo stati abituati per molti anni a un&#8217;Italia che era sempre un p\u00f2 fanalino di coda nelle classifiche macroeconomiche: non \u00e8 pi\u00f9 questa la situazione. Oggi vediamo un&#8217;Italia che cresce, secondo le stime della Commissione europea, pi\u00f9 di quanto cresce l&#8217;eurozona, pi\u00f9 della Francia e pi\u00f9 della Germania. Abbiamo adesso il tasso [&hellip;]<\/p>\n","protected":false},"author":18,"featured_media":209577,"comment_status":"closed","ping_status":"closed","sticky":false,"template":"","format":"standard","meta":{"ub_ctt_via":"","_mi_skip_tracking":false},"categories":[446],"tags":[783],"featured_image_src":"https:\/\/www.messinaoggi.it\/website\/wp-content\/uploads\/2024\/09\/20240902_1964.jpg","author_info":{"display_name":"Admin","author_link":"https:\/\/www.messinaoggi.it\/website\/author\/admin\/"},"digistream_id":0,"digistream":false,"_links":{"self":[{"href":"https:\/\/www.messinaoggi.it\/website\/wp-json\/wp\/v2\/posts\/209576"}],"collection":[{"href":"https:\/\/www.messinaoggi.it\/website\/wp-json\/wp\/v2\/posts"}],"about":[{"href":"https:\/\/www.messinaoggi.it\/website\/wp-json\/wp\/v2\/types\/post"}],"author":[{"embeddable":true,"href":"https:\/\/www.messinaoggi.it\/website\/wp-json\/wp\/v2\/users\/18"}],"replies":[{"embeddable":true,"href":"https:\/\/www.messinaoggi.it\/website\/wp-json\/wp\/v2\/comments?post=209576"}],"version-history":[{"count":0,"href":"https:\/\/www.messinaoggi.it\/website\/wp-json\/wp\/v2\/posts\/209576\/revisions"}],"wp:featuredmedia":[{"embeddable":true,"href":"https:\/\/www.messinaoggi.it\/website\/wp-json\/wp\/v2\/media\/209577"}],"wp:attachment":[{"href":"https:\/\/www.messinaoggi.it\/website\/wp-json\/wp\/v2\/media?parent=209576"}],"wp:term":[{"taxonomy":"category","embeddable":true,"href":"https:\/\/www.messinaoggi.it\/website\/wp-json\/wp\/v2\/categories?post=209576"},{"taxonomy":"post_tag","embeddable":true,"href":"https:\/\/www.messinaoggi.it\/website\/wp-json\/wp\/v2\/tags?post=209576"}],"curies":[{"name":"wp","href":"https:\/\/api.w.org\/{rel}","templated":true}]}}