{"id":209510,"date":"2024-09-02T12:05:32","date_gmt":"2024-09-02T10:05:32","guid":{"rendered":"https:\/\/www.messinaoggi.it\/website\/2024\/09\/02\/fontana-servono-passi-verso-la-pace-ai-parlamenti-un-ruolo-chiave\/"},"modified":"2024-09-02T12:05:32","modified_gmt":"2024-09-02T10:05:32","slug":"fontana-servono-passi-verso-la-pace-ai-parlamenti-un-ruolo-chiave","status":"publish","type":"post","link":"https:\/\/www.messinaoggi.it\/website\/2024\/09\/02\/fontana-servono-passi-verso-la-pace-ai-parlamenti-un-ruolo-chiave\/","title":{"rendered":"Fontana \u201cServono passi verso la pace, ai Parlamenti un ruolo chiave\u201d"},"content":{"rendered":"<div>ROMA (ITALPRESS) &#8211; &#8220;Ci\u00f2 che mi sta pi\u00f9 a cuore \u00e8 compiere, insieme, passi avanti nella direzione della pace&#8221;. Cos\u00ec, in una intervista al Corriere della Sera, il presidente della Camera, Lorenzo Fontana, che si prepara a presiedere a Verona, dal 5 al 7 settembre, il G7 dei presidenti delle Camere, a cui parteciperanno anche il presidente della Repubblica, Sergio Mattarella, e la premier Giorgia Meloni.<br \/>&#8220;E&#8217; un momento complesso e delicatissimo a livello globale, tra guerre, instabilit\u00e0, sfide decisive per il futuro &#8211; spiega -. La presenza a Verona del capo dello Stato e della premier, che ringrazio vivamente, \u00e8 il segno dell&#8217;attenzione al ruolo dei Parlamenti, i custodi del dibattito democratico. Voglio pensare che questo G7 &#8211; accolto nella stupenda Verona, la mia citt\u00e0 &#8211; sia anche l&#8217;occasione per rilanciare questo ruolo fondamentale&#8221;.<br \/>&#8220;Si parler\u00e0 dei nuovi equilibri geopolitici, dell&#8217;accesso alle risorse strategiche, della crisi in Medio Oriente, di Africa e Mediterraneo, di intelligenza artificiale e cybersicurezza &#8211; aggiunge -. Al G7 di Verona accoglieremo anche l&#8217;intervento del presidente del Parlamento ucraino Ruslan Stefanchuk. Al centro, ci sar\u00e0 la questione fondamentale: la pace. In un mondo che \u00e8 infiammato dalle guerre e dove si rischia una pericolosa escalation, la diplomazia parlamentare pu\u00f2 avere un ruolo chiave per dire basta ai conflitti armati, aiutando a trovare soluzioni politiche&#8221;. Ed in merito alla posizione sulle missioni in Ucraina ed alla doppia versione della nota a fine vertice di maggioranza, commenta: &#8220;La linea che emerge dal Parlamento mi pare chiara e confermata dai voti in Aula&#8221;.<br \/>Tra gli speaker presenti a Verona ci sar\u00e0 anche il trumpiano Mike Johnson. &#8220;Ho avuto il piacere di incontrare il presidente Johnson anche a luglio, al vertice parlamentare della Nato a Washington &#8211; ricorda Fontana -. Per il nostro Paese ha avuto parole di assoluto apprezzamento e mi ha anche rivelato le sue lontane origini italiane. Guardiamo agli Stati Uniti come a un alleato. E questo rapporto prescinde ovviamente dai colori delle Amministrazioni. Detto questo non nego di assistere con grande interesse alla campagna negli Usa che si sta ponendo come un testa a testa interessantissimo, anche sotto il profilo storico&#8221;. E sar\u00e0 presente anche Roberta Metsola, la presidente del Parlamento Ue: &#8220;Con Metsola il rapporto \u00e8 ottimo e il voto in Europarlamento ha confermato quanto sia apprezzata dalle diverse forze politiche &#8211; sottolinea -. Per quanto riguarda la presidente della Commissione, l&#8217;Europa non pu\u00f2 fare a meno dell&#8217;Italia e le relazioni, anche politiche, non possono prescindere dall&#8217;interesse dei Paesi membri. Un&#8217;Europa forte \u00e8 un&#8217;Europa che vive della forza di tutti i Paesi che la compongono. Per questo sono sicuro che prevarr\u00e0, da parte di tutti, la convergenza verso l&#8217;interesse di ciascun Paese&#8221;.<br \/>Alla domanda su quale significato attribuisce alla visita del presidente del Ppe Manfred Weber alla premier Giorgia Meloni, risponde: &#8220;Il presidente Weber ha rilasciato dichiarazioni di grande apprezzamento per Meloni. E questo pone le pi\u00f9 solide basi per la migliore delle collaborazioni&#8221;.<br \/>Mattarella nei giorni scorsi \u00e8 intervenuto a tutela delle prerogative del Parlamento e, dichiara Fontana, &#8220;ringrazio il presidente per le parole che ha espresso sul tema. Ho scritto al presidente Meloni proprio per sottolineare questo concetto. Sarebbe giusta e gradita una riduzione del ricorso alla decretazione d&#8217;urgenza. Abbiamo suggerito strumenti alternativi, come i disegni di legge, magari chiedendo l&#8217;urgenza per quelli pi\u00f9 importanti, cos\u00ec da rispettare pienamente le prerogative del Parlamento&#8221;.<br \/>Poi, in merito all&#8217;utilizzo dei dati dei cittadini che vede in corso una guerra, sia pure di tipo diverso, tra Usa e Ue, commenta Fontana: &#8220;Una sessione del G7 sar\u00e0 dedicata proprio a questo tema. Serve una prospettiva allargata e quanto pi\u00f9 possibile condivisa, che ponga al centro l&#8217;uomo. Un altro tema \u00e8 quello dei deepfake che ha un forte impatto anche sulle democrazie: agire oggi e agire insieme aiuter\u00e0 a limitare i rischi. E i Parlamenti sono strategici anche in questo campo&#8221;. &#8220;L&#8217;evoluzione delle tecnologie &#8211; aggiunge il Presidente della Camera &#8211; \u00e8 talmente veloce che impone di stare al passo con i tempi anche nei meccanismi regolatori che, pure, da soli non bastano. E&#8217; necessaria la consapevolezza da parte di tutti e una formazione continua che parta dall&#8217;infanzia&#8221;.<br \/>E sulla possibilit\u00e0 di raccogliere le firme per i referendum anche online, osserva: &#8220;L&#8217;esercizio della democrazia diretta \u00e8 sicuramente un valore e non vedo conflittualit\u00e0 con la rappresentativit\u00e0 parlamentare. Anzi, lo trovo un metodo per generare maggiore coinvolgimento nel dibattito pubblico e un maggiore avvicinamento dei cittadini alla politica&#8221;.<br \/>Un tema che sta a cuore alla premier \u00e8 la stabilit\u00e0 degli approvvigionamenti delle risorse strategiche. &#8220;Sicuramente. E&#8217; un tema decisivo, ma penso anche alle minacce e ai problemi che stanno generando gli attacchi nel Mar Rosso &#8211; dichiara Fontana -. Mi lasci ringraziare i nostri militari in missione che stanno operando con valore e determinazione&#8221;. E alla domanda su cosa si aspetti dal summit di Verona, risponde: &#8220;Ci\u00f2 che mi sta pi\u00f9 a cuore \u00e8 compiere, insieme, passi avanti nella direzione della pace e di un mondo pi\u00f9 giusto, pi\u00f9 collaborativo e sicuro per tutti: la diplomazia parlamentare \u00e8 uno strumento prezioso e da valorizzare. Ho chiesto di porre all&#8217;attenzione anche il dramma, troppo spesso dimenticato, della persecuzione dei cristiani nel mondo. Sono certo che arriveranno contributi di grande rilevanza&#8221;.<br \/>&#8211; foto Agenzia Fotogramma &#8211;<br \/>(ITALPRESS).<\/div>\n<div id=\"div-gpt-ad-Messinaoggi.it-DSK-300x250-corpoart\" style=\"text-align:center;margin:0 auto;\"><\/div><\/p><div id=\"videoincontent\" style=\"clear:both\";><\/div>","protected":false},"excerpt":{"rendered":"<p>ROMA (ITALPRESS) &#8211; &#8220;Ci\u00f2 che mi sta pi\u00f9 a cuore \u00e8 compiere, insieme, passi avanti nella direzione della pace&#8221;. Cos\u00ec, in una intervista al Corriere della Sera, il presidente della Camera, Lorenzo Fontana, che si prepara a presiedere a Verona, dal 5 al 7 settembre, il G7 dei presidenti delle Camere, a cui parteciperanno anche [&hellip;]<\/p>\n","protected":false},"author":18,"featured_media":209511,"comment_status":"closed","ping_status":"closed","sticky":false,"template":"","format":"standard","meta":{"ub_ctt_via":"","_mi_skip_tracking":false},"categories":[446],"tags":[783],"featured_image_src":"https:\/\/www.messinaoggi.it\/website\/wp-content\/uploads\/2024\/09\/20240902_0092.jpg","author_info":{"display_name":"Admin","author_link":"https:\/\/www.messinaoggi.it\/website\/author\/admin\/"},"digistream_id":0,"digistream":false,"_links":{"self":[{"href":"https:\/\/www.messinaoggi.it\/website\/wp-json\/wp\/v2\/posts\/209510"}],"collection":[{"href":"https:\/\/www.messinaoggi.it\/website\/wp-json\/wp\/v2\/posts"}],"about":[{"href":"https:\/\/www.messinaoggi.it\/website\/wp-json\/wp\/v2\/types\/post"}],"author":[{"embeddable":true,"href":"https:\/\/www.messinaoggi.it\/website\/wp-json\/wp\/v2\/users\/18"}],"replies":[{"embeddable":true,"href":"https:\/\/www.messinaoggi.it\/website\/wp-json\/wp\/v2\/comments?post=209510"}],"version-history":[{"count":0,"href":"https:\/\/www.messinaoggi.it\/website\/wp-json\/wp\/v2\/posts\/209510\/revisions"}],"wp:featuredmedia":[{"embeddable":true,"href":"https:\/\/www.messinaoggi.it\/website\/wp-json\/wp\/v2\/media\/209511"}],"wp:attachment":[{"href":"https:\/\/www.messinaoggi.it\/website\/wp-json\/wp\/v2\/media?parent=209510"}],"wp:term":[{"taxonomy":"category","embeddable":true,"href":"https:\/\/www.messinaoggi.it\/website\/wp-json\/wp\/v2\/categories?post=209510"},{"taxonomy":"post_tag","embeddable":true,"href":"https:\/\/www.messinaoggi.it\/website\/wp-json\/wp\/v2\/tags?post=209510"}],"curies":[{"name":"wp","href":"https:\/\/api.w.org\/{rel}","templated":true}]}}