{"id":209449,"date":"2024-09-01T02:05:33","date_gmt":"2024-09-01T00:05:33","guid":{"rendered":"https:\/\/www.messinaoggi.it\/website\/2024\/09\/01\/tajani-su-ius-scholae-nessuna-marcia-indietro-e-scelta-di-buon-senso\/"},"modified":"2024-09-01T11:40:57","modified_gmt":"2024-09-01T09:40:57","slug":"tajani-su-ius-scholae-nessuna-marcia-indietro-e-scelta-di-buon-senso","status":"publish","type":"post","link":"https:\/\/www.messinaoggi.it\/website\/2024\/09\/01\/tajani-su-ius-scholae-nessuna-marcia-indietro-e-scelta-di-buon-senso\/","title":{"rendered":"Tajani \u201cSu Ius scholae nessuna marcia indietro, \u00e8 scelta di buon senso\u201d"},"content":{"rendered":"<div>MILANO (ITALPRESS) &#8211; &#8220;Io non faccio nessuna marcia indietro. La scelta sullo Ius Scholae \u00e8 una scelta di buon senso. Ho dato mandato ai gruppi di fare uno studio sulla questione della cittadinanza e sulle normative e orientare una proposta di legge. E prima di presentare la proposta in Parlamento lo presenter\u00f2 alla maggioranza, perch\u00e8 un centrodestra moderno deve porsi questo problema. Non possiamo regalare il voto dei nuovi italiani alla sinistra&#8221;. Cos\u00ec il vicepremier e ministro degli Esteri, Antonio Tajani, intervenendo alla VII edizione della kermesse &#8220;La Piazza &#8211; Il bene comune&#8221; di Affari Italiani. &#8220;Stiamo lavorando per la pace &#8211; ha proseguito Tajani nel corso del suo intervento -. Auspico che ci possa essere una conferenza di pace alla quale possono partecipare anche Cina e Russia&#8221;. &#8220;Siamo a fianco dell&#8217;Ucraina senza se e senza ma &#8211; ha ribadito poi &#8211; . Abbiamo gi\u00e0 inviato quasi completamente il nono pacchetto di sostegno militare. Gli accordi sono quelli che le armi italiane si possono usare in territorio ucraino. Cos\u00ec come non invieremo militari in Russia, non si devono usare le nostre armi in territorio russo. Ma devono essere armi che possono essere usate all&#8217;interno dell&#8217;Ucraina per difendere l&#8217;integrit\u00e0 e la libert\u00e0 dell&#8217;Ucraina&#8221;. Quindi, &#8220;la Russia non pu\u00f2 partecipare&#8221; alla conferenza per la pace &#8220;ponendo delle condizioni secondo le quali l&#8217;Ucraina deve accettare la resa perch\u00e8 una conferenza di pace non pu\u00f2 essere la resa dell&#8217;Ucraina&#8221;, ha concluso il ministro.<div id=\"div-gpt-ad-Messinaoggi.it-DSK-300x250-corpoart\" style=\"text-align:center;margin:0 auto;\"><\/div><\/p>\n<p>&#8211; Foto Agenzia Fotogramma &#8211; <div id=\"videoincontent\" style=\"clear:both\";><\/div><\/p>\n<p>(ITALPRESS).<\/p><\/div>\n","protected":false},"excerpt":{"rendered":"<p>MILANO (ITALPRESS) &#8211; &#8220;Io non faccio nessuna marcia indietro. La scelta sullo Ius Scholae \u00e8 una scelta di buon senso. Ho dato mandato ai gruppi di fare uno studio sulla questione della cittadinanza e sulle normative e orientare una proposta di legge. E prima di presentare la proposta in Parlamento lo presenter\u00f2 alla maggioranza, perch\u00e8 [&hellip;]<\/p>\n","protected":false},"author":18,"featured_media":209450,"comment_status":"closed","ping_status":"closed","sticky":false,"template":"","format":"standard","meta":{"ub_ctt_via":"","_mi_skip_tracking":false},"categories":[446,4],"tags":[783],"featured_image_src":"https:\/\/www.messinaoggi.it\/website\/wp-content\/uploads\/2024\/09\/20240831_1944.jpg","author_info":{"display_name":"Admin","author_link":"https:\/\/www.messinaoggi.it\/website\/author\/admin\/"},"digistream_id":0,"digistream":false,"_links":{"self":[{"href":"https:\/\/www.messinaoggi.it\/website\/wp-json\/wp\/v2\/posts\/209449"}],"collection":[{"href":"https:\/\/www.messinaoggi.it\/website\/wp-json\/wp\/v2\/posts"}],"about":[{"href":"https:\/\/www.messinaoggi.it\/website\/wp-json\/wp\/v2\/types\/post"}],"author":[{"embeddable":true,"href":"https:\/\/www.messinaoggi.it\/website\/wp-json\/wp\/v2\/users\/18"}],"replies":[{"embeddable":true,"href":"https:\/\/www.messinaoggi.it\/website\/wp-json\/wp\/v2\/comments?post=209449"}],"version-history":[{"count":1,"href":"https:\/\/www.messinaoggi.it\/website\/wp-json\/wp\/v2\/posts\/209449\/revisions"}],"predecessor-version":[{"id":209460,"href":"https:\/\/www.messinaoggi.it\/website\/wp-json\/wp\/v2\/posts\/209449\/revisions\/209460"}],"wp:featuredmedia":[{"embeddable":true,"href":"https:\/\/www.messinaoggi.it\/website\/wp-json\/wp\/v2\/media\/209450"}],"wp:attachment":[{"href":"https:\/\/www.messinaoggi.it\/website\/wp-json\/wp\/v2\/media?parent=209449"}],"wp:term":[{"taxonomy":"category","embeddable":true,"href":"https:\/\/www.messinaoggi.it\/website\/wp-json\/wp\/v2\/categories?post=209449"},{"taxonomy":"post_tag","embeddable":true,"href":"https:\/\/www.messinaoggi.it\/website\/wp-json\/wp\/v2\/tags?post=209449"}],"curies":[{"name":"wp","href":"https:\/\/api.w.org\/{rel}","templated":true}]}}