{"id":20944,"date":"2018-06-21T15:16:20","date_gmt":"2018-06-21T13:16:20","guid":{"rendered":"http:\/\/www.messinaoggi.it\/website\/?p=20944"},"modified":"2018-06-21T15:16:20","modified_gmt":"2018-06-21T13:16:20","slug":"ballottaggio-bramanti-confronto-pubblico-accetto-ma-de-luca-rinunci-alla-prescrizione-de-luca-gia-fatto","status":"publish","type":"post","link":"https:\/\/www.messinaoggi.it\/website\/2018\/06\/21\/ballottaggio-bramanti-confronto-pubblico-accetto-ma-de-luca-rinunci-alla-prescrizione-de-luca-gia-fatto\/","title":{"rendered":"Ballottaggio, Bramanti: &quot;Confronto pubblico? accetto, ma De Luca rinunci alla prescrizione&quot;. De Luca: &quot;Gi\u00e0 fatto&quot;"},"content":{"rendered":"<p style=\"text-align: justify\">Si fa sempre pi\u00f9 infuocato il clima in vista del ballottaggio di domenica tra Dino Bramanti e Cateno De Luca. Il candidato del centrodestra ha attaccato il suo avversario, ricordandone i precedenti giudiziari e i processi ancora in atto, che rischiano di annebbiare il futuro di Palazzo Zanca. Da qui la risposta di De Luca, che ha invitato Bramanti ad un confronto televisivo, quest\u2019ultimo per\u00f2 pone le condizioni: \u201cFacciamo chiarezza. De Luca mi chiede quali siano le fonti che mi avrebbero indotto a sostenere che lui verr\u00e0 sicuramente arrestato. \u00c8 l\u2019ennesima uscita fantasiosa. Io non ho mai affermato che De Luca verr\u00e0 arrestato: ho semplicemente detto che i procedimenti in corso che lo riguardano potrebbero esporlo all\u2019arresto. \u00a0Eppure De Luca finge di non capire. Continua a sostenere di essere pulito.\u00a0 La verit\u00e0 \u00e8 che su di lui pendono procedimenti giudiziari tutt\u2019altro che chiusi. De Luca dichiara di essere stato assolto. La verit\u00e0 \u00e8 che De Luca fa passare per assoluzione la semplice prescrizione di ben 7 ipotesi di reato. Dichiara di volermi sfidare in un comizio o in un confronto televisivo?\u00a0 Bene, io accetto. Ma ad una sola e semplicissima condizione. Si rechi in Cancelleria e depositi una dichiarazione in carta semplice con la quale rinuncia alla prescrizione per i fatti a lui contestati dall\u2019Autorit\u00e0 Giudiziaria quale sindaco di Fiumedinisi. \u00c9 un atto banalissimo. Carta semplice, dichiarazione e firma. Non basta la promessa di farlo. Questa promessa l\u2019ha gi\u00e0 fatta altre volte. Voglio che lo faccia oggi. Rinunci alla prescrizione e consenta ai giudici di fare il loro lavoro: giudicare, per stabilire se gli atti gravissimi di cui \u00e8 accusato siano veri oppure no. Senza scorciatoie giudiziarie che in questi anni ha pi\u00f9 volte usato. Lui rinunci alla prescrizione ed io parteciper\u00f2 ad un confronto con lui\u201d.<div id=\"div-gpt-ad-Messinaoggi.it-DSK-300x250-corpoart\" style=\"text-align:center;margin:0 auto;\"><\/div><\/p>\n<p style=\"text-align: justify\">De Luca ribadisce come alla prescrizione vi abbia gi\u00e0 rinunciato: &#8220;Nelle ultime ore di campagna elettorale,\u00a0 gli ormai\u00a0 pochi sostenitori di Bramanti si aspettavano il ricorso all&#8217;uso dell&#8217;arma finale. Non \u00e8 arrivata per\u00f2 la bomba atomica, ma solo un ruttino. &#8220;Comprendo che il professor Bramanti non capisca di diritto perch\u00e9 avvezzo a violare le leggi godendo di coperture che lo istigano a delinquere e, pertanto, non si renda conto che il nostro appello in merito alla prescrizione, gi\u00e0 regolarmente depositato, equivale alla rinuncia della prescrizione. Peccato che quando ha proposto a me di fare un patto &#8211; da me non accettato &#8211; che prevedeva un assessorato regionale ed un po\u2019 di assunzioni all\u2019IRCCS, non si sia posto alcun problema sui miei carichi pendenti; forse perch\u00e9 egli \u00e8 abituato a frequentare ed ospitare personaggi con ben altra fedina penale. Aspetto che si confronti con me sul modello di governo della citt\u00e0, anche se \u00e8 notorio che non lo far\u00e0 mai perch\u00e9 sotto il profilo politico amministrativo \u00e8 un principiante allo sbaraglio avvezzo solo alla lottizzazione nel mondo della sanit\u00e0, ove si sborsano \u00a0milioni di euro per posti letto inesistenti, come per anni \u00e8 successo all\u2019IRCCS nel silenzio generale&#8221;.<div id=\"videoincontent\" style=\"clear:both\";><\/div><\/p>\n","protected":false},"excerpt":{"rendered":"<p>Si fa sempre pi\u00f9 infuocato il clima in vista del ballottaggio di domenica tra Dino Bramanti e Cateno De Luca. Il candidato del centrodestra ha attaccato il suo avversario, ricordandone i precedenti giudiziari e i processi ancora in atto, che rischiano di annebbiare il futuro di Palazzo Zanca. Da qui la risposta di De Luca, [&hellip;]<\/p>\n","protected":false},"author":14,"featured_media":20508,"comment_status":"closed","ping_status":"open","sticky":false,"template":"","format":"standard","meta":{"ub_ctt_via":"","_mi_skip_tracking":false},"categories":[6],"tags":[],"featured_image_src":"https:\/\/www.messinaoggi.it\/website\/wp-content\/uploads\/2018\/06\/de-luca-bramanti-collage-800x445-messinaoggiMarcyRuggi-1.jpg","author_info":{"display_name":"Antonio Macauda","author_link":"https:\/\/www.messinaoggi.it\/website\/author\/a-macauda\/"},"digistream_id":0,"digistream":false,"_links":{"self":[{"href":"https:\/\/www.messinaoggi.it\/website\/wp-json\/wp\/v2\/posts\/20944"}],"collection":[{"href":"https:\/\/www.messinaoggi.it\/website\/wp-json\/wp\/v2\/posts"}],"about":[{"href":"https:\/\/www.messinaoggi.it\/website\/wp-json\/wp\/v2\/types\/post"}],"author":[{"embeddable":true,"href":"https:\/\/www.messinaoggi.it\/website\/wp-json\/wp\/v2\/users\/14"}],"replies":[{"embeddable":true,"href":"https:\/\/www.messinaoggi.it\/website\/wp-json\/wp\/v2\/comments?post=20944"}],"version-history":[{"count":0,"href":"https:\/\/www.messinaoggi.it\/website\/wp-json\/wp\/v2\/posts\/20944\/revisions"}],"wp:featuredmedia":[{"embeddable":true,"href":"https:\/\/www.messinaoggi.it\/website\/wp-json\/wp\/v2\/media\/20508"}],"wp:attachment":[{"href":"https:\/\/www.messinaoggi.it\/website\/wp-json\/wp\/v2\/media?parent=20944"}],"wp:term":[{"taxonomy":"category","embeddable":true,"href":"https:\/\/www.messinaoggi.it\/website\/wp-json\/wp\/v2\/categories?post=20944"},{"taxonomy":"post_tag","embeddable":true,"href":"https:\/\/www.messinaoggi.it\/website\/wp-json\/wp\/v2\/tags?post=20944"}],"curies":[{"name":"wp","href":"https:\/\/api.w.org\/{rel}","templated":true}]}}