{"id":209427,"date":"2024-08-31T16:05:37","date_gmt":"2024-08-31T14:05:37","guid":{"rendered":"https:\/\/www.messinaoggi.it\/website\/2024\/08\/31\/thiago-motta-grande-mercato-ma-ora-testa-alla-roma\/"},"modified":"2024-08-31T16:05:37","modified_gmt":"2024-08-31T14:05:37","slug":"thiago-motta-grande-mercato-ma-ora-testa-alla-roma","status":"publish","type":"post","link":"https:\/\/www.messinaoggi.it\/website\/2024\/08\/31\/thiago-motta-grande-mercato-ma-ora-testa-alla-roma\/","title":{"rendered":"Thiago Motta \u201cGrande mercato ma ora testa alla Roma\u201d"},"content":{"rendered":"<div>TORINO (ITALPRESS) &#8211; Thiago Motta si gode i colpi della &#8220;sua&#8221; Juventus sul calciomercato ma non vuole distrazioni in vista della gara di domani sera, in casa, contro la Roma del suo &#8220;grande amico&#8221; Daniele De Rossi. &#8220;La societ\u00e0 ha fatto un grande lavoro sul calciomercato. Abbiamo preso giocatori forti, con grande talento, per completare un gruppo gi\u00e0 buono. I tre nuovi (Nico Gonzalez, Teun Koopmeiners e Francisco Conceicao, ndr) sono arrivati con il giusto atteggiamento e sono gi\u00e0 tutti convocabili, pronti per giocare&#8221;, ha detto il tecnico della Juventus. &#8220;Contro la Roma sar\u00e0 una bella patita: affrontiamo una squadra forte. Dobbiamo essere pronti a tutto. Dobbiamo difendere e muoverci da squadra, come sempre: questo \u00e8 il gioco del calcio. In pi\u00f9 noi giochiamo davanti al nostro pubblico: lo stadio sar\u00e0 pieno e vogliamo fare bene&#8221;, ha aggiunto l&#8217;allenatore bianconero.<br \/>&#8220;Io e De Rossi siamo stati insieme in Nazionale. E&#8217; stato un grande giocatore ed \u00e8 ora un grande allenatore. Non \u00e8 un caso se siamo dove ora siamo arrivati: io in una panchina storica e lui in quella della sua squadra del cuore. Mi sento un privilegiato, come credo anche lui&#8221;, ha continuato Thiago Motta. &#8220;Ci siamo preparati bene, con grande entusiasmo, per dare il massimo domani sera in campo. Tiago Djal\u00f2, Kostic e Arthur sono ancora della Juve. Ma ora basta parlare di mercato, pensiamo solo alla gara contro i giallorossi&#8221;: non vuole distrazioni il tecnico della Juve capolista e lo ribadisce pi\u00f9 volte. &#8220;Siamo soltanto alla terza giornata. Proviamo a non ascoltare gli elogi e a mantenere la nostra linea e il nostro atteggiamento&#8221;, ha detto ancora Thiago Motta. &#8220;I giovani? Non \u00e8 merito mio quello che stanno facendo. Ma \u00e8 tutto merito loro e dei compagni che l&#8217;hanno aiutati in queste prime giornate&#8221;, ha spiegato poi l&#8217;allenatore della Juve. Sulla formazione di domani, infine, non ha anticipato nulla. Di certo saranno ancora out gli infortunati Milik, Thuram, Weah e Adzic.<br \/>&#8211; foto Ipa Agency &#8211;<br \/>(ITALPRESS).<\/div>\n<div id=\"div-gpt-ad-Messinaoggi.it-DSK-300x250-corpoart\" style=\"text-align:center;margin:0 auto;\"><\/div><\/p><div id=\"videoincontent\" style=\"clear:both\";><\/div>","protected":false},"excerpt":{"rendered":"<p>TORINO (ITALPRESS) &#8211; Thiago Motta si gode i colpi della &#8220;sua&#8221; Juventus sul calciomercato ma non vuole distrazioni in vista della gara di domani sera, in casa, contro la Roma del suo &#8220;grande amico&#8221; Daniele De Rossi. &#8220;La societ\u00e0 ha fatto un grande lavoro sul calciomercato. Abbiamo preso giocatori forti, con grande talento, per completare [&hellip;]<\/p>\n","protected":false},"author":18,"featured_media":209428,"comment_status":"closed","ping_status":"closed","sticky":false,"template":"","format":"standard","meta":{"ub_ctt_via":"","_mi_skip_tracking":false},"categories":[446],"tags":[783],"featured_image_src":"https:\/\/www.messinaoggi.it\/website\/wp-content\/uploads\/2024\/08\/20240831_0751.jpg","author_info":{"display_name":"Admin","author_link":"https:\/\/www.messinaoggi.it\/website\/author\/admin\/"},"digistream_id":0,"digistream":false,"_links":{"self":[{"href":"https:\/\/www.messinaoggi.it\/website\/wp-json\/wp\/v2\/posts\/209427"}],"collection":[{"href":"https:\/\/www.messinaoggi.it\/website\/wp-json\/wp\/v2\/posts"}],"about":[{"href":"https:\/\/www.messinaoggi.it\/website\/wp-json\/wp\/v2\/types\/post"}],"author":[{"embeddable":true,"href":"https:\/\/www.messinaoggi.it\/website\/wp-json\/wp\/v2\/users\/18"}],"replies":[{"embeddable":true,"href":"https:\/\/www.messinaoggi.it\/website\/wp-json\/wp\/v2\/comments?post=209427"}],"version-history":[{"count":0,"href":"https:\/\/www.messinaoggi.it\/website\/wp-json\/wp\/v2\/posts\/209427\/revisions"}],"wp:featuredmedia":[{"embeddable":true,"href":"https:\/\/www.messinaoggi.it\/website\/wp-json\/wp\/v2\/media\/209428"}],"wp:attachment":[{"href":"https:\/\/www.messinaoggi.it\/website\/wp-json\/wp\/v2\/media?parent=209427"}],"wp:term":[{"taxonomy":"category","embeddable":true,"href":"https:\/\/www.messinaoggi.it\/website\/wp-json\/wp\/v2\/categories?post=209427"},{"taxonomy":"post_tag","embeddable":true,"href":"https:\/\/www.messinaoggi.it\/website\/wp-json\/wp\/v2\/tags?post=209427"}],"curies":[{"name":"wp","href":"https:\/\/api.w.org\/{rel}","templated":true}]}}