{"id":209405,"date":"2024-08-31T12:05:31","date_gmt":"2024-08-31T10:05:31","guid":{"rendered":"https:\/\/www.messinaoggi.it\/website\/2024\/08\/31\/casini-fitto-il-piu-adatto-per-commissione-europea-lopposizione-lo-appoggi\/"},"modified":"2024-08-31T12:22:14","modified_gmt":"2024-08-31T10:22:14","slug":"casini-fitto-il-piu-adatto-per-commissione-europea-lopposizione-lo-appoggi","status":"publish","type":"post","link":"https:\/\/www.messinaoggi.it\/website\/2024\/08\/31\/casini-fitto-il-piu-adatto-per-commissione-europea-lopposizione-lo-appoggi\/","title":{"rendered":"Casini \u201cFitto il pi\u00f9 adatto per Commissione europea, l\u2019opposizione lo appoggi\u201d"},"content":{"rendered":"<div>ROMA (ITALPRESS) &#8211; &#8220;Raffaele Fitto \u00e8 l&#8217;uomo pi\u00f9 capace, preparato, adatto che il governo potesse indicare per la Commissione europea&#8221;, Lo afferma l&#8217;ex presidente della Cameta Pier Ferdinando Casini in una intervista a &#8220;Il Corriere della Sera&#8221; che poi lancia un appello al centrosinistra, a Elly Schlein in particolare: &#8220;E&#8217; giusto che prima di dare giudizi voglia sapere quali saranno le competenze e il ruolo che verranno attribuiti a Fitto, ma poi mi aspetto che anche l&#8217;opposizione lo sostenga, nel Parlamento europeo. Per due motivi&#8221;. &#8220;Il primo \u00e8 che Fitto, nella Commissione, rappresenta l&#8217;Italia. E la rappresenta un politico che ha sempre avuto rapporti buoni con tutti, che \u00e8 apprezzato, che non si \u00e8 mai fatto risucchiare dalle polemicucce del momento. E&#8217; uomo espressione di FdI, certo, d&#8217;altra parte \u00e8 espressione del governo. E in Commissione dovr\u00e0 svolgere il suo ruolo in modo obiettivo, senza favoritismi, perch\u00e8 ogni commissario rappresenta l&#8217;intera Ue, non il suo Paese. Ma lui ha caratteristiche che sono fondamentali per farci contare&#8221; aggiunge Casini che poi spiega: &#8220;E&#8217; l&#8217;uomo che ha tenuto ancorata Meloni a una posizione che seppur non vantaggiosa per l&#8217;Italia &#8211; io mi sarei aspettato che avrebbe avuto il coraggio di votare von der Leyen, sarebbe stata una mossa molto importante &#8211; almeno non \u00e8 stata deleteria. Se si fosse saldato l&#8217;asse tra Meloni, Salvini, Le Pen sarebbe stato un enorme problema. Lui ha lavorato per evitarlo&#8221;.<br \/>\nPoi torna a rivolgersi all&#8217;opposizione che &#8220;ha una grandissima occasione per dimostrare la propria maturit\u00e0 e il proprio attaccamento al bene comune. Cos\u00ec come Gentiloni rappresentava, e bene, il Paese, anche Fitto lo far\u00e0. Sostenerlo significa dire: a noi interessa il bene dell&#8217;Italia, non quello di parte. Per contrastare il sovranismo bisogna includere, aprirsi, mostrarsi superiori e rivolgersi a tutti gli italiani. Kamala Harris ha detto che se vincer\u00e0 porter\u00e0 al governo un ministro repubblicano. Questo \u00e8 un discorso intelligente: l&#8217;Italia viene prima di tutto, \u00e8 uno slogan e un atteggiamento vincente, maturo. E l&#8217;opposizione pu\u00f2 dimostrarlo con i fatti&#8221;.<div id=\"div-gpt-ad-Messinaoggi.it-DSK-300x250-corpoart\" style=\"text-align:center;margin:0 auto;\"><\/div><\/p>\n<p>foto: Agenzia Fotogramma<div id=\"videoincontent\" style=\"clear:both\";><\/div><\/p>\n<p>(ITALPRESS).<\/p><\/div>\n","protected":false},"excerpt":{"rendered":"<p>ROMA (ITALPRESS) &#8211; &#8220;Raffaele Fitto \u00e8 l&#8217;uomo pi\u00f9 capace, preparato, adatto che il governo potesse indicare per la Commissione europea&#8221;, Lo afferma l&#8217;ex presidente della Cameta Pier Ferdinando Casini in una intervista a &#8220;Il Corriere della Sera&#8221; che poi lancia un appello al centrosinistra, a Elly Schlein in particolare: &#8220;E&#8217; giusto che prima di dare [&hellip;]<\/p>\n","protected":false},"author":18,"featured_media":209406,"comment_status":"closed","ping_status":"closed","sticky":false,"template":"","format":"standard","meta":{"ub_ctt_via":"","_mi_skip_tracking":false},"categories":[446,4],"tags":[783],"featured_image_src":"https:\/\/www.messinaoggi.it\/website\/wp-content\/uploads\/2024\/08\/20240831_0111.jpg","author_info":{"display_name":"Admin","author_link":"https:\/\/www.messinaoggi.it\/website\/author\/admin\/"},"digistream_id":0,"digistream":false,"_links":{"self":[{"href":"https:\/\/www.messinaoggi.it\/website\/wp-json\/wp\/v2\/posts\/209405"}],"collection":[{"href":"https:\/\/www.messinaoggi.it\/website\/wp-json\/wp\/v2\/posts"}],"about":[{"href":"https:\/\/www.messinaoggi.it\/website\/wp-json\/wp\/v2\/types\/post"}],"author":[{"embeddable":true,"href":"https:\/\/www.messinaoggi.it\/website\/wp-json\/wp\/v2\/users\/18"}],"replies":[{"embeddable":true,"href":"https:\/\/www.messinaoggi.it\/website\/wp-json\/wp\/v2\/comments?post=209405"}],"version-history":[{"count":1,"href":"https:\/\/www.messinaoggi.it\/website\/wp-json\/wp\/v2\/posts\/209405\/revisions"}],"predecessor-version":[{"id":209407,"href":"https:\/\/www.messinaoggi.it\/website\/wp-json\/wp\/v2\/posts\/209405\/revisions\/209407"}],"wp:featuredmedia":[{"embeddable":true,"href":"https:\/\/www.messinaoggi.it\/website\/wp-json\/wp\/v2\/media\/209406"}],"wp:attachment":[{"href":"https:\/\/www.messinaoggi.it\/website\/wp-json\/wp\/v2\/media?parent=209405"}],"wp:term":[{"taxonomy":"category","embeddable":true,"href":"https:\/\/www.messinaoggi.it\/website\/wp-json\/wp\/v2\/categories?post=209405"},{"taxonomy":"post_tag","embeddable":true,"href":"https:\/\/www.messinaoggi.it\/website\/wp-json\/wp\/v2\/tags?post=209405"}],"curies":[{"name":"wp","href":"https:\/\/api.w.org\/{rel}","templated":true}]}}