{"id":209397,"date":"2024-08-31T00:05:37","date_gmt":"2024-08-30T22:05:37","guid":{"rendered":"https:\/\/www.messinaoggi.it\/website\/2024\/08\/30\/governo-salvini-col-vertice-sgomberato-il-campo-da-temi-divisivi\/"},"modified":"2024-08-31T12:22:37","modified_gmt":"2024-08-31T10:22:37","slug":"governo-salvini-col-vertice-sgomberato-il-campo-da-temi-divisivi","status":"publish","type":"post","link":"https:\/\/www.messinaoggi.it\/website\/2024\/08\/31\/governo-salvini-col-vertice-sgomberato-il-campo-da-temi-divisivi\/","title":{"rendered":"Governo, Salvini \u201cCol vertice sgomberato il campo da temi divisivi\u201d"},"content":{"rendered":"<div>MILANO (ITALPRESS) &#8211; &#8220;Agosto su alcuni temi ci ha visto su posizioni diverse&#8221; con Forza Italia e gli altri partiti di maggioranza, &#8220;come Ius scholae e immigrazione ma l&#8217;importante \u00e8 il programma del centrodestra. Oggi&#8221; al vertice &#8220;abbiamo sgomberato il campo dagli argomenti che ci dividono. La priorit\u00e0  \u00e8 il programma di governo, che \u00e8 la nostra bibbia, l&#8217;unit\u00e0 del centrodestra ed andare avanti per i prossimi tre anni senza una sbavatura&#8221;. Lo ha detto il ministro dei Trasporti e delle Infrastrutture, Matteo Salvini, intervistato alla VII edizione della kermesse &#8220;La Piazza &#8211; Il bene comune&#8221; di Affari Italiani. &#8220;L&#8217;Italia \u00e8 il Paese europeo che ha concesso pi\u00f9 cittadinanza in assoluto &#8211; ha proseguito Salvini -, la legge attuale \u00e8 gi\u00e0 iperefficiente. A 18 anni i ragazzi e le ragazze debbono poter scegliere se prendere la cittadinanza italiana, perch\u00e8 hanno la maturit\u00e0 per farlo. Non so&#8221; perch\u00e8 oggi sia in corso il dibattito sullo Ius Scholae, &#8220;lo catalogo come un dibattito agostano. Le priorit\u00e0 sono stipendi, pensioni e taglio delle tasse, non abbiamo tempo ed energie da dedicare ad altro&#8221;. Infine, in merito alle prossime nomine dei vertici Rai, al vertice di oggi con Meloni e Tajani &#8220;non ne abbiamo manco parlato &#8211; ha sottolineato -, quando inizi a entrare nel merito di stipendi, costo del lavoro, mutuo degli italiani, di tempo per discutere di Rai o di Ius soli non ne rimane molto. Ne parleremo ma oggi abbiamo parlato di altro&#8221;. &#8220;Per chiudere l&#8217;accordo sulla Rai occorre anche l&#8217;ok delle opposizioni &#8211; ha precisato -. Non \u00e8 solo una partita interna alla maggioranza, perch\u00e8 il presidente della Rai deve avere il voto anche di una parte delle opposizioni&#8221;.<div id=\"div-gpt-ad-Messinaoggi.it-DSK-300x250-corpoart\" style=\"text-align:center;margin:0 auto;\"><\/div><\/p>\n<p> &#8211; Foto Agenzia Fotogramma &#8211;<div id=\"videoincontent\" style=\"clear:both\";><\/div><\/p>\n<p>(ITALPRESS).<\/p><\/div>\n","protected":false},"excerpt":{"rendered":"<p>MILANO (ITALPRESS) &#8211; &#8220;Agosto su alcuni temi ci ha visto su posizioni diverse&#8221; con Forza Italia e gli altri partiti di maggioranza, &#8220;come Ius scholae e immigrazione ma l&#8217;importante \u00e8 il programma del centrodestra. Oggi&#8221; al vertice &#8220;abbiamo sgomberato il campo dagli argomenti che ci dividono. La priorit\u00e0 \u00e8 il programma di governo, che \u00e8 [&hellip;]<\/p>\n","protected":false},"author":18,"featured_media":209398,"comment_status":"closed","ping_status":"closed","sticky":false,"template":"","format":"standard","meta":{"ub_ctt_via":"","_mi_skip_tracking":false},"categories":[446,4],"tags":[783],"featured_image_src":"https:\/\/www.messinaoggi.it\/website\/wp-content\/uploads\/2024\/08\/20240830_2119.jpg","author_info":{"display_name":"Admin","author_link":"https:\/\/www.messinaoggi.it\/website\/author\/admin\/"},"digistream_id":0,"digistream":false,"_links":{"self":[{"href":"https:\/\/www.messinaoggi.it\/website\/wp-json\/wp\/v2\/posts\/209397"}],"collection":[{"href":"https:\/\/www.messinaoggi.it\/website\/wp-json\/wp\/v2\/posts"}],"about":[{"href":"https:\/\/www.messinaoggi.it\/website\/wp-json\/wp\/v2\/types\/post"}],"author":[{"embeddable":true,"href":"https:\/\/www.messinaoggi.it\/website\/wp-json\/wp\/v2\/users\/18"}],"replies":[{"embeddable":true,"href":"https:\/\/www.messinaoggi.it\/website\/wp-json\/wp\/v2\/comments?post=209397"}],"version-history":[{"count":1,"href":"https:\/\/www.messinaoggi.it\/website\/wp-json\/wp\/v2\/posts\/209397\/revisions"}],"predecessor-version":[{"id":209409,"href":"https:\/\/www.messinaoggi.it\/website\/wp-json\/wp\/v2\/posts\/209397\/revisions\/209409"}],"wp:featuredmedia":[{"embeddable":true,"href":"https:\/\/www.messinaoggi.it\/website\/wp-json\/wp\/v2\/media\/209398"}],"wp:attachment":[{"href":"https:\/\/www.messinaoggi.it\/website\/wp-json\/wp\/v2\/media?parent=209397"}],"wp:term":[{"taxonomy":"category","embeddable":true,"href":"https:\/\/www.messinaoggi.it\/website\/wp-json\/wp\/v2\/categories?post=209397"},{"taxonomy":"post_tag","embeddable":true,"href":"https:\/\/www.messinaoggi.it\/website\/wp-json\/wp\/v2\/tags?post=209397"}],"curies":[{"name":"wp","href":"https:\/\/api.w.org\/{rel}","templated":true}]}}