{"id":209351,"date":"2024-08-30T17:05:31","date_gmt":"2024-08-30T15:05:31","guid":{"rendered":"https:\/\/www.messinaoggi.it\/website\/2024\/08\/30\/leader-del-centrodestra-hanno-rinnovato-il-patto-di-coalizione\/"},"modified":"2024-08-30T17:05:31","modified_gmt":"2024-08-30T15:05:31","slug":"leader-del-centrodestra-hanno-rinnovato-il-patto-di-coalizione","status":"publish","type":"post","link":"https:\/\/www.messinaoggi.it\/website\/2024\/08\/30\/leader-del-centrodestra-hanno-rinnovato-il-patto-di-coalizione\/","title":{"rendered":"Leader del centrodestra hanno rinnovato il patto di coalizione"},"content":{"rendered":"<div>ROMA (ITALPRESS) &#8211; &#8220;Si \u00e8 svolto oggi un vertice del centrodestra a cui hanno preso parte Giorgia Meloni, Matteo Salvini, Antonio Tajani e Maurizio Lupi.<br \/>\nI leader hanno rinnovato il patto di coalizione, garanzia di efficacia e concretezza dell\u2019azione di governo. Un bilancio positivo sostenuto da dati macroeconomici incoraggianti, a partire dal buon andamento della crescita dell\u2019occupazione.<br \/>\n\u00c8 stata ribadita l\u2019unit\u00e0 della coalizione e sono determinati a continuare il lavoro avviato per tutta la legislatura, portando a compimento le riforme messe in cantiere e attuando il programma votato dai cittadini&#8221;.Lo riferisce una nota congiunta del centrodestra. &#8220;Anche per questo la prossima legge di bilancio, come le precedenti &#8211; prosegue la nota-, sar\u00e0 seria ed equilibrata, e confermer\u00e0 alcune priorit\u00e0 come la riduzione delle tasse, il sostegno a giovani, famiglie e natalit\u00e0, e interventi per le imprese che assumono.<br \/>\nTotale sintonia su tutti i dossier, a partire dalla politica estera. Soddisfazione per la rinnovata autorevolezza e affidabilit\u00e0 dell\u2019Italia nello scenario globale, come ribadito anche dal successo della presidenza italiana del G7, e condivisione sulla crisi in Medio Oriente e sulla posizione del governo italiano relativamente alla guerra in Ucraina.<br \/>\nDa trent\u2019anni il centrodestra conferma la propria solidit\u00e0 e compattezza, con la capacit\u00e0 di trovare sempre la sintesi tra le diverse identit\u00e0 che lo compongono e dare risposte ai cittadini&#8221;.<br \/>\nfoto: Agenzia Fotogramma<div id=\"div-gpt-ad-Messinaoggi.it-DSK-300x250-corpoart\" style=\"text-align:center;margin:0 auto;\"><\/div><\/p>\n<p>(ITALPRESS).<div id=\"videoincontent\" style=\"clear:both\";><\/div><\/p><\/div>\n","protected":false},"excerpt":{"rendered":"<p>ROMA (ITALPRESS) &#8211; &#8220;Si \u00e8 svolto oggi un vertice del centrodestra a cui hanno preso parte Giorgia Meloni, Matteo Salvini, Antonio Tajani e Maurizio Lupi. I leader hanno rinnovato il patto di coalizione, garanzia di efficacia e concretezza dell\u2019azione di governo. Un bilancio positivo sostenuto da dati macroeconomici incoraggianti, a partire dal buon andamento della [&hellip;]<\/p>\n","protected":false},"author":18,"featured_media":209352,"comment_status":"closed","ping_status":"closed","sticky":false,"template":"","format":"standard","meta":{"ub_ctt_via":"","_mi_skip_tracking":false},"categories":[446],"tags":[783],"featured_image_src":"https:\/\/www.messinaoggi.it\/website\/wp-content\/uploads\/2024\/08\/20240830_0858.jpg","author_info":{"display_name":"Admin","author_link":"https:\/\/www.messinaoggi.it\/website\/author\/admin\/"},"digistream_id":0,"digistream":false,"_links":{"self":[{"href":"https:\/\/www.messinaoggi.it\/website\/wp-json\/wp\/v2\/posts\/209351"}],"collection":[{"href":"https:\/\/www.messinaoggi.it\/website\/wp-json\/wp\/v2\/posts"}],"about":[{"href":"https:\/\/www.messinaoggi.it\/website\/wp-json\/wp\/v2\/types\/post"}],"author":[{"embeddable":true,"href":"https:\/\/www.messinaoggi.it\/website\/wp-json\/wp\/v2\/users\/18"}],"replies":[{"embeddable":true,"href":"https:\/\/www.messinaoggi.it\/website\/wp-json\/wp\/v2\/comments?post=209351"}],"version-history":[{"count":0,"href":"https:\/\/www.messinaoggi.it\/website\/wp-json\/wp\/v2\/posts\/209351\/revisions"}],"wp:featuredmedia":[{"embeddable":true,"href":"https:\/\/www.messinaoggi.it\/website\/wp-json\/wp\/v2\/media\/209352"}],"wp:attachment":[{"href":"https:\/\/www.messinaoggi.it\/website\/wp-json\/wp\/v2\/media?parent=209351"}],"wp:term":[{"taxonomy":"category","embeddable":true,"href":"https:\/\/www.messinaoggi.it\/website\/wp-json\/wp\/v2\/categories?post=209351"},{"taxonomy":"post_tag","embeddable":true,"href":"https:\/\/www.messinaoggi.it\/website\/wp-json\/wp\/v2\/tags?post=209351"}],"curies":[{"name":"wp","href":"https:\/\/api.w.org\/{rel}","templated":true}]}}