{"id":209296,"date":"2024-08-30T13:05:31","date_gmt":"2024-08-30T11:05:31","guid":{"rendered":"https:\/\/www.messinaoggi.it\/website\/2024\/08\/30\/elly-schlein-destra-settaria-disfano-misure-giuste\/"},"modified":"2024-08-30T13:05:31","modified_gmt":"2024-08-30T11:05:31","slug":"elly-schlein-destra-settaria-disfano-misure-giuste","status":"publish","type":"post","link":"https:\/\/www.messinaoggi.it\/website\/2024\/08\/30\/elly-schlein-destra-settaria-disfano-misure-giuste\/","title":{"rendered":"Elly Schlein \u201cDestra settaria, disfano misure giuste\u201d"},"content":{"rendered":"<div>ROMA (ITALPRESS) &#8211; La priorit\u00e0 per l&#8217;autunno &#8220;non ho dubbi, \u00e8 la questione sociale&#8221;. Cos\u00ec, in una intervista a la Repubblica, la segretaria del Pd Elly Schlein, sottolineando che &#8220;sar\u00e0 un autunno militante, come gi\u00e0 lo \u00e8 stata l&#8217;estate. Il governo sta mettendo le mani avanti perch\u00e8 non ha idea di come far ripartire il Paese&#8221;. &#8220;Si parla di altri tagli all&#8217;indicizzazione delle pensioni &#8211; aggiunge -. Hanno completamente stravolto opzione donna: trentamila esodate stanno aspettando un segno di vita dal governo. Cinque milioni di lavoratori sono in attesa del rinnovo del contratto. Bisogna spingere sui rinnovi, a partire dal pubblico&#8221;. &#8220;E&#8217; un governo settario. Quando una misura funziona ma non c&#8217;\u00e8 la loro firma puntano a stravolgerla, per piantare una propria bandierina. L&#8217;hanno fatto anche col fondo per l&#8217;affitto e col Pnrr&#8221;, sottolinea Elly Schlein, facendo riferimento all&#8217;assegno unico. &#8220;Ha semplificato la frammentazione dei sussidi precedenti &#8211; aggiunge -. Va rafforzato, non indebolito&#8221;. &#8220;Sarebbe sbagliato minarne la dimensione universalistica &#8211; commenta -. Il Pd si era fortemente battuto per approvarlo, e lo difenderemo con tutte le nostre forze&#8221;. In merito al salario minimo, prosegue la leader del Pd &#8220;continuiamo a raccogliere le firme per riportare in Parlamento la proposta che il governo ha messo sul binario morto, voltando le spalle a tre milioni e mezzo di lavoratrici e di lavoratori che sono poveri anche se lavorano&#8221;. E per quanto riguarda i dati sull&#8217;occupazione &#8220;il governo &#8211; dichiara &#8211; sbandiera dei dati senza dire la verit\u00e0. E cio\u00e8 che tanto di quel lavoro \u00e8 precario o part-time involontario e non assicura un salario dignitoso per fare la spesa&#8221;. Sul caro vita il centrodestra &#8220;non ha fatto nulla. Sta per cominciare la scuola e le famiglie si ritroveranno a contare le matite e i quaderni che possono permettersi di acquistare&#8221;. E alla domanda sul perch\u00e8 il Pd fa fatica nell&#8217;Italia profonda, risponde: &#8220;Cambier\u00e0. E&#8217; tutta l&#8217;estate che la giriamo e continueremo a farlo. E&#8217; un pezzo di Paese che sta soffrendo lo spopolamento. Sono Comuni che hanno bisogno di politiche mirate&#8221;. La ricetta \u00e8 &#8220;portare i servizi, perch\u00e8 se la vita \u00e8 troppo scomoda la gente scende a valle. E opportunit\u00e0 economiche attraverso la fiscalit\u00e0 agevolata&#8221;.<br \/>Lo spopolamento sembra inarrestabile, eppure &#8220;i trend si possono invertire &#8211; spiega -. Ma lo sa che in Emilia-Romagna e in Toscana grazie all&#8217;uso dei fondi europei si abbattono i costi dei nidi per le famiglie economicamente svantaggiate? Un vero supporto alle famiglie, al di l\u00e0 della vuota retorica di questo governo&#8221;. &#8220;Investire sui nidi significa ridurre le disuguaglianze tra bambini e fa aumentare l&#8217;occupazione femminile &#8211; dice -. Abbiamo uno dei tassi di occupazione femminile pi\u00f9 basso d&#8217;Europa, e il pi\u00f9 basso al Sud. Non \u00e8 insopportabile?&#8221;.<br \/>Poi, sulla manovra &#8220;non sappiamo nulla delle intenzioni del governo. Ma c&#8217;\u00e8 qualcosa di pi\u00f9 grave. La totale opacit\u00e0 sul piano fiscale di medio termine: il governo deve presentarlo entro il 20 settembre. Sono le intenzioni per la ripresa dei prossimi sette anni. Non meritava un&#8217;ampia riflessione con le parti sociali, con la societ\u00e0 civile, con le opposizioni? E invece stanno tenendo tutto sottotraccia&#8221;. &#8220;Li vedo molto divisi &#8211; aggiunge Elly Schlein -. Sull&#8217;autonomia. La raccolta di firme \u00e8 stata un grande successo. Sulla cittadinanza. Sulla giustizia&#8221;. &#8220;Mi sembrano pi\u00f9 impegnati a dividersi sulle questioni identitarie che a governare &#8211; sottolinea -. Parlano d&#8217;altro.<br \/>Nella fase pi\u00f9 calda del conflitto in Medio Oriente discutevano delle regole del Comitato olimpico. E&#8217; ridicolo&#8221;.<br \/>Poi, un accenno alle regionali in Liguria: &#8220;Abbiamo appena messo in campo coalizioni attorno a candidati competitivi in Emilia Romagna e in Umbria. Sono fiduciosa che troveremo una soluzione a breve anche per l&#8217;importante sfida in Liguria&#8221;. Sulla possibilit\u00e0 che Conte e Renzi possano coesistere: &#8220;Le alleanze non si fanno da nome a nome, ma da tema a tema &#8211; commenta -. Dobbiamo fare fronte unito per le nostre battaglie: sanit\u00e0, lavoro povero, scuola, congedi paritari. Questo \u00e8 il nostro metodo. Anche contro le cose che non ci piacciono, tipo l&#8217;autonomia differenziata. Ma soprattutto dobbiamo avere chiaro che l&#8217;avversario da battere \u00e8 la destra. Per farlo gli italiani vogliono sapere qual \u00e8 la nostra idea di societ\u00e0. Cosa faremo quando andremo al governo&#8221;. Ed infine, alla domanda se si fida di Tajani sullo Ius scholae, risponde: &#8220;Per noi chi nasce o cresce in Italia \u00e8 italiano. Abbiamo gi\u00e0 presentato una mozione e siamo aperti a un confronto di merito, anzitutto con le reti che si sono sempre battute per questa riforma attesa da decenni. Si parla spesso di loro, noi vogliamo parlare con loro. Quelle aspettative non vanno pi\u00f9 deluse. Finora non abbiamo visto proposte concrete, valuteremo. Non va dimenticato che \u00e8 lo stesso governo che sta rendendo sempre pi\u00f9 difficile salvare le persone che arrivano via mare&#8221;.<br \/>&#8211; foto Agenzia Fotogramma &#8211;<br \/>(ITALPRESS).<\/div>\n<div id=\"div-gpt-ad-Messinaoggi.it-DSK-300x250-corpoart\" style=\"text-align:center;margin:0 auto;\"><\/div><\/p><div id=\"videoincontent\" style=\"clear:both\";><\/div>","protected":false},"excerpt":{"rendered":"<p>ROMA (ITALPRESS) &#8211; La priorit\u00e0 per l&#8217;autunno &#8220;non ho dubbi, \u00e8 la questione sociale&#8221;. Cos\u00ec, in una intervista a la Repubblica, la segretaria del Pd Elly Schlein, sottolineando che &#8220;sar\u00e0 un autunno militante, come gi\u00e0 lo \u00e8 stata l&#8217;estate. Il governo sta mettendo le mani avanti perch\u00e8 non ha idea di come far ripartire il [&hellip;]<\/p>\n","protected":false},"author":18,"featured_media":209297,"comment_status":"closed","ping_status":"closed","sticky":false,"template":"","format":"standard","meta":{"ub_ctt_via":"","_mi_skip_tracking":false},"categories":[446],"tags":[783],"featured_image_src":"https:\/\/www.messinaoggi.it\/website\/wp-content\/uploads\/2024\/08\/20240830_0274.jpg","author_info":{"display_name":"Admin","author_link":"https:\/\/www.messinaoggi.it\/website\/author\/admin\/"},"digistream_id":0,"digistream":false,"_links":{"self":[{"href":"https:\/\/www.messinaoggi.it\/website\/wp-json\/wp\/v2\/posts\/209296"}],"collection":[{"href":"https:\/\/www.messinaoggi.it\/website\/wp-json\/wp\/v2\/posts"}],"about":[{"href":"https:\/\/www.messinaoggi.it\/website\/wp-json\/wp\/v2\/types\/post"}],"author":[{"embeddable":true,"href":"https:\/\/www.messinaoggi.it\/website\/wp-json\/wp\/v2\/users\/18"}],"replies":[{"embeddable":true,"href":"https:\/\/www.messinaoggi.it\/website\/wp-json\/wp\/v2\/comments?post=209296"}],"version-history":[{"count":0,"href":"https:\/\/www.messinaoggi.it\/website\/wp-json\/wp\/v2\/posts\/209296\/revisions"}],"wp:featuredmedia":[{"embeddable":true,"href":"https:\/\/www.messinaoggi.it\/website\/wp-json\/wp\/v2\/media\/209297"}],"wp:attachment":[{"href":"https:\/\/www.messinaoggi.it\/website\/wp-json\/wp\/v2\/media?parent=209296"}],"wp:term":[{"taxonomy":"category","embeddable":true,"href":"https:\/\/www.messinaoggi.it\/website\/wp-json\/wp\/v2\/categories?post=209296"},{"taxonomy":"post_tag","embeddable":true,"href":"https:\/\/www.messinaoggi.it\/website\/wp-json\/wp\/v2\/tags?post=209296"}],"curies":[{"name":"wp","href":"https:\/\/api.w.org\/{rel}","templated":true}]}}