{"id":209277,"date":"2024-08-30T11:05:34","date_gmt":"2024-08-30T09:05:34","guid":{"rendered":"https:\/\/www.messinaoggi.it\/website\/2024\/08\/30\/kamala-harris-ora-bisogna-voltare-pagina\/"},"modified":"2024-08-30T11:05:34","modified_gmt":"2024-08-30T09:05:34","slug":"kamala-harris-ora-bisogna-voltare-pagina","status":"publish","type":"post","link":"https:\/\/www.messinaoggi.it\/website\/2024\/08\/30\/kamala-harris-ora-bisogna-voltare-pagina\/","title":{"rendered":"Kamala Harris \u201cOra bisogna voltare pagina\u201d"},"content":{"rendered":"<div>WASHINGTON (STATI UNITI) (ITALPRESS) &#8211; &#8220;Nel mio primo giorno alla Casa Bianca le priorit\u00e0 saranno sostenere e rafforzare la classe media, sviluppare un&#8217;economia delle opportunit\u00e0, investire nel business, nella catena di approvvigionamento, nelle famiglie&#8221;. Cos\u00ec, Kamala Harris alla Cnn, nella sua prima intervista televisiva dalla nomination alla Casa Bianca.<br \/>\nHarris afferma che si candida presidente &#8220;per tutti gli americani&#8221;, con l&#8217;intenzione di &#8220;voltare pagina&#8221; e trovare &#8220;un nuovo modo di procedere&#8221; dopo la polarizzazione politica accentuata da Donald Trump. A questo proposito afferma di nominare un repubblicano nel suo governo, come hanno fatto altri presidenti in passato, spiegando di non avere al momento un nome particolare in mente: &#8220;Abbiamo ancora 68 giorni prima delle elezioni, quindi non voglio mettere il carro avanti ai buoi, ma lo far\u00f2&#8221;.<br \/>\n&#8220;Sar\u00f2 incrollabile nel mio impegno per la difesa di Israele&#8221;, ma dobbiamo raggiungere un accordo &#8211; sottolinea -. Troppi palestinesi innocenti sono stati uccisi, dobbiamo avere l&#8217;accordo ora, questa guerra deve finire&#8221;, aggiunge sottolineando anche il suo impegno per la soluzione dei due Stati per dare ai palestinesi &#8220;sicurezza, autodeterminazione e dignit\u00e0&#8221;.<br \/>\nPer l&#8217;accusa a Donald Trump di avere bloccato un accordo dipartisan per rafforzare la sicurezza al confine: &#8220;Occorre applicare le leggi sulle persone che attraversano illegalmente la nostra frontiera&#8221;.<br \/>\n&#8211; foto Ipa &#8211;<br \/>\n(ITALPRESS).<\/div>\n<div id=\"div-gpt-ad-Messinaoggi.it-DSK-300x250-corpoart\" style=\"text-align:center;margin:0 auto;\"><\/div><\/p><div id=\"videoincontent\" style=\"clear:both\";><\/div>","protected":false},"excerpt":{"rendered":"<p>WASHINGTON (STATI UNITI) (ITALPRESS) &#8211; &#8220;Nel mio primo giorno alla Casa Bianca le priorit\u00e0 saranno sostenere e rafforzare la classe media, sviluppare un&#8217;economia delle opportunit\u00e0, investire nel business, nella catena di approvvigionamento, nelle famiglie&#8221;. Cos\u00ec, Kamala Harris alla Cnn, nella sua prima intervista televisiva dalla nomination alla Casa Bianca. Harris afferma che si candida presidente [&hellip;]<\/p>\n","protected":false},"author":18,"featured_media":209278,"comment_status":"closed","ping_status":"closed","sticky":false,"template":"","format":"standard","meta":{"ub_ctt_via":"","_mi_skip_tracking":false},"categories":[446],"tags":[783],"featured_image_src":"https:\/\/www.messinaoggi.it\/website\/wp-content\/uploads\/2024\/08\/20240830_0140.jpg","author_info":{"display_name":"Admin","author_link":"https:\/\/www.messinaoggi.it\/website\/author\/admin\/"},"digistream_id":0,"digistream":false,"_links":{"self":[{"href":"https:\/\/www.messinaoggi.it\/website\/wp-json\/wp\/v2\/posts\/209277"}],"collection":[{"href":"https:\/\/www.messinaoggi.it\/website\/wp-json\/wp\/v2\/posts"}],"about":[{"href":"https:\/\/www.messinaoggi.it\/website\/wp-json\/wp\/v2\/types\/post"}],"author":[{"embeddable":true,"href":"https:\/\/www.messinaoggi.it\/website\/wp-json\/wp\/v2\/users\/18"}],"replies":[{"embeddable":true,"href":"https:\/\/www.messinaoggi.it\/website\/wp-json\/wp\/v2\/comments?post=209277"}],"version-history":[{"count":0,"href":"https:\/\/www.messinaoggi.it\/website\/wp-json\/wp\/v2\/posts\/209277\/revisions"}],"wp:featuredmedia":[{"embeddable":true,"href":"https:\/\/www.messinaoggi.it\/website\/wp-json\/wp\/v2\/media\/209278"}],"wp:attachment":[{"href":"https:\/\/www.messinaoggi.it\/website\/wp-json\/wp\/v2\/media?parent=209277"}],"wp:term":[{"taxonomy":"category","embeddable":true,"href":"https:\/\/www.messinaoggi.it\/website\/wp-json\/wp\/v2\/categories?post=209277"},{"taxonomy":"post_tag","embeddable":true,"href":"https:\/\/www.messinaoggi.it\/website\/wp-json\/wp\/v2\/tags?post=209277"}],"curies":[{"name":"wp","href":"https:\/\/api.w.org\/{rel}","templated":true}]}}