{"id":209218,"date":"2024-08-29T19:05:36","date_gmt":"2024-08-29T17:05:36","guid":{"rendered":"https:\/\/www.messinaoggi.it\/website\/2024\/08\/29\/conte-abbraccia-lukaku-la-ricostruzione-del-napoli-continua\/"},"modified":"2024-08-29T19:05:36","modified_gmt":"2024-08-29T17:05:36","slug":"conte-abbraccia-lukaku-la-ricostruzione-del-napoli-continua","status":"publish","type":"post","link":"https:\/\/www.messinaoggi.it\/website\/2024\/08\/29\/conte-abbraccia-lukaku-la-ricostruzione-del-napoli-continua\/","title":{"rendered":"Conte abbraccia Lukaku \u201cLa ricostruzione del Napoli continua\u201d"},"content":{"rendered":"<div>NAPOLI (ITALPRESS) &#8211; &#8220;Lukaku? Prima di parlare di un giocatore attendo l&#8217;ufficialit\u00e0&#8221;. Antonio Conte, tecnico del Napoli, aveva provato a smarcarsi dalla domanda sull&#8217;arrivo in citt\u00e0 dell&#8217;attaccante belga (e anche di McTominay), ma prima del termine della conferenza stampa in vista della sfida con il Parma, in programma al Maradona sabato alle 20.45, \u00e8 arrivato l&#8217;annuncio di De Laurentiis a conferma che l&#8217;ex Inter vestir\u00e0 la maglia azzurra. &#8220;Mi auguro di averlo a disposizione gi\u00e0 domani, in maniera tale che inizi ad entrare in sintonia con la squadra &#8211; ha sottolineato Conte -. Verr\u00e0 con noi con il Parma se non c&#8217;\u00e8 nulla di particolare. E&#8217; un centravanti atipico, unisce fisicit\u00e0 e velocit\u00e0. Da questo punto di vista lo considero unico. Sa la responsabilit\u00e0 che ha nei miei confronti e nei confronti dei tifosi napoletani. Ma non dimentichiamo Simeone e Raspadori&#8221;. La vittoria convincente col il Bologna ha fatto tornare l&#8217;entusiasmo: &#8220;La partecipazione in allenamento deve essere sempre ottimale a prescindere dai risultati da cui si proviene &#8211; ha detto l&#8217;allenatore azzurro -. Per me \u00e8 una pretesa d&#8217;obbligo. Poi sappiamo bene quanto un risultato positivo cambi gli umori e l&#8217;approccio, c&#8217;\u00e8 pi\u00f9 entusiasmo. Ma come ho detto questo gruppo di lavoro non \u00e8 mai mancato in qualsiasi cosa che abbiamo fatto, sono molto soddisfatto di questa rosa di calciatori perch\u00e8 mi danno tutto, questo \u00e8 fuori dubbio&#8221;. Sul calore della piazza: &#8220;E&#8217; sempre stato il mio Napoli, dal punto di vista tecnico. E&#8217; una cosa che ho sentito subito mia. Sto imparando un p\u00f2 a conoscere l&#8217;ambiente e dobbiamo trovare il giusto equilibrio su tutto. Il tifoso napoletano deve andare in profondit\u00e0, \u00e8 iniziato un lavoro di ricostruzione su una base importante e pian piano stiamo aggiungendo degli elementi. C&#8217;\u00e8 un progetto e una visione per creare delle fondamenta solide e riportare il Napoli ad essere un&#8217;antagonista delle solite note&#8221;. Conte, per\u00f2, non si fida del Parma: &#8220;I miei giocatori sanno gi\u00e0 cosa penso, gli ho fatto drizzare le antenne. E&#8217; una squadra in salute, non fai quattro punti con Fiorentina e Milan per caso. Hanno energia, giocatori forti e se gli lasci spazio nelle ripartenze ti fanno male. Dovremo avere l&#8217;intelligenza di attaccare nella maniera giusta. Sar\u00e0 una gara molto difficile, ma la stiamo preparando. In ogni gara dobbiamo sapere che musica suonare&#8221;. Al momento nessun confronto particolare con De Laurentiis: &#8220;Non c&#8217;\u00e8 bisogno di sentirmi col presidente o qualcun altro. Quello che doveva essere sul tavolo sta l\u00ec da tempo. Adesso aspettiamo che finisca il mercato, io devo concentrarmi sul campo e sui calciatori. La societ\u00e0 sa di cosa abbiamo bisogno. Manca poco alla chiusura, vedremo cosa accadr\u00e0&#8221;. Infine, il tecnico dei partenopei ha concluso parlando delle sue sensazioni dopo la visita al Murales di Maradona di ieri sera: &#8220;Evidentemente qualcuno ci ha visti (ride, ndr). C&#8217;\u00e8 un&#8217;aria e un&#8217;energia particolare l\u00ec, ci tenevo. E&#8217; un luogo di culto. Sono contento di esserci andato, ero con la mia famiglia e mio fratello&#8221;. <br \/>&#8211; Foto: Ipa Agency &#8211;<br \/>(ITALPRESS).<\/div>\n<div id=\"div-gpt-ad-Messinaoggi.it-DSK-300x250-corpoart\" style=\"text-align:center;margin:0 auto;\"><\/div><\/p><div id=\"videoincontent\" style=\"clear:both\";><\/div>","protected":false},"excerpt":{"rendered":"<p>NAPOLI (ITALPRESS) &#8211; &#8220;Lukaku? Prima di parlare di un giocatore attendo l&#8217;ufficialit\u00e0&#8221;. Antonio Conte, tecnico del Napoli, aveva provato a smarcarsi dalla domanda sull&#8217;arrivo in citt\u00e0 dell&#8217;attaccante belga (e anche di McTominay), ma prima del termine della conferenza stampa in vista della sfida con il Parma, in programma al Maradona sabato alle 20.45, \u00e8 arrivato [&hellip;]<\/p>\n","protected":false},"author":18,"featured_media":209219,"comment_status":"closed","ping_status":"closed","sticky":false,"template":"","format":"standard","meta":{"ub_ctt_via":"","_mi_skip_tracking":false},"categories":[446],"tags":[783],"featured_image_src":"https:\/\/www.messinaoggi.it\/website\/wp-content\/uploads\/2024\/08\/20240829_1708.jpg","author_info":{"display_name":"Admin","author_link":"https:\/\/www.messinaoggi.it\/website\/author\/admin\/"},"digistream_id":0,"digistream":false,"_links":{"self":[{"href":"https:\/\/www.messinaoggi.it\/website\/wp-json\/wp\/v2\/posts\/209218"}],"collection":[{"href":"https:\/\/www.messinaoggi.it\/website\/wp-json\/wp\/v2\/posts"}],"about":[{"href":"https:\/\/www.messinaoggi.it\/website\/wp-json\/wp\/v2\/types\/post"}],"author":[{"embeddable":true,"href":"https:\/\/www.messinaoggi.it\/website\/wp-json\/wp\/v2\/users\/18"}],"replies":[{"embeddable":true,"href":"https:\/\/www.messinaoggi.it\/website\/wp-json\/wp\/v2\/comments?post=209218"}],"version-history":[{"count":0,"href":"https:\/\/www.messinaoggi.it\/website\/wp-json\/wp\/v2\/posts\/209218\/revisions"}],"wp:featuredmedia":[{"embeddable":true,"href":"https:\/\/www.messinaoggi.it\/website\/wp-json\/wp\/v2\/media\/209219"}],"wp:attachment":[{"href":"https:\/\/www.messinaoggi.it\/website\/wp-json\/wp\/v2\/media?parent=209218"}],"wp:term":[{"taxonomy":"category","embeddable":true,"href":"https:\/\/www.messinaoggi.it\/website\/wp-json\/wp\/v2\/categories?post=209218"},{"taxonomy":"post_tag","embeddable":true,"href":"https:\/\/www.messinaoggi.it\/website\/wp-json\/wp\/v2\/tags?post=209218"}],"curies":[{"name":"wp","href":"https:\/\/api.w.org\/{rel}","templated":true}]}}