{"id":209087,"date":"2024-08-28T11:59:50","date_gmt":"2024-08-28T09:59:50","guid":{"rendered":"http:\/\/www.messinaoggi.it\/website\/?p=209087"},"modified":"2024-08-28T11:59:51","modified_gmt":"2024-08-28T09:59:51","slug":"nuovo-distacco-a-santa-margherita-il-punto-dellamministrazione","status":"publish","type":"post","link":"https:\/\/www.messinaoggi.it\/website\/2024\/08\/28\/nuovo-distacco-a-santa-margherita-il-punto-dellamministrazione\/","title":{"rendered":"Nuovo distacco a Santa Margherita, il punto dell&#8217;amministrazione"},"content":{"rendered":"\n<p>Un nuovo distacco idrico \u00e8 previsto a Messina per il 3 settembre. L&#8217;annuncio arriva dal sindaco <strong>Federico Basile<\/strong>, in conferenza stampa insieme agli assessori <strong>Massimiliano Minutoli<\/strong> e <strong>Francesco Caminiti<\/strong>, e ai vertici dell&#8217;Amam, inclusa la presidente <strong>Loredana Bonasera<\/strong>. Il distacco \u00e8 necessario per riparare una perdita a Santa Margherita rilevata a luglio. &#8220;Finora siamo riusciti a tamponare, ora dobbiamo intervenire&#8221; ha detto il sindaco. <div id=\"div-gpt-ad-Messinaoggi.it-DSK-300x250-corpoart\" style=\"text-align:center;margin:0 auto;\"><\/div><\/p>\n\n\n\n<p>Basile ha spiegato: &#8220;si interverr\u00e0 anche su altre aree, come Calatabiano e Mazzeo, oltre a lavori di efficientamento a Torrerossa. L&#8217;obiettivo \u00e8 ridurre la vulnerabilit\u00e0 della rete idrica, con un ritorno alla normalit\u00e0 previsto entro due o tre giorni&#8221;.<div id=\"videoincontent\" style=\"clear:both\";><\/div><\/p>\n\n\n\n<p>&#8220;Vogliamo continuare sul modello dei distacchi precedenti, &#8211; ha continuato Basile &#8211; che sono serviti a ridurre la vulnerabilit\u00e0 della condotta. Abbiamo preferito anticipare rispetto al weekend visto che sar\u00e0 un fine settimana di rientro, vogliamo consentire a tutti di rientrare con l\u2019acqua&#8221;. <\/p>\n\n\n\n<p>&#8220;Anche stavolta disporremo i punti fissi come gi\u00e0 fatto e ci saranno 20 mezzi in pi\u00f9 per il supporto&#8221; ha poi chiarito.<\/p>\n\n\n\n<p>La presidente Bonasera ha sottolineato l&#8217;importanza dell&#8217;intervento, previsto in 12 ore, &#8220;per evitare ulteriori problemi. L&#8217;acqua verr\u00e0 interrotta al mattino e ripristinata dopo i lavori. Sono stati predisposti punti fissi di distribuzione idrica e mezzi aggiuntivi per il supporto. I punti fissi saranno quelli di Amam, Viale Europa, Viale Principe Umberto e di Via Savanarola. Abbiamo rinviato l&#8217;intervento e lo abbiamo programmato adesso per non arrivare a farlo ridosso dell\u2019apertura delle scuole. Faremo anche altre verifiche e piccoli interventi.  Abbiamo lavorato molto e adesso le chiamate sono diminuite&#8221;. <\/p>\n\n\n\n<p>L&#8217;assessore Minutoli ha assicurato &#8220;l&#8217;organizzazione sar\u00e0 simile a quella adottata in precedenti interventi, con un monitoraggio continuo delle condizioni meteorologiche&#8221;.<\/p>\n\n\n\n<p>Basile ha precisato che la riparazione &#8220;non \u00e8 direttamente collegata alla situazione attuale, ma \u00e8 necessaria per prevenire future criticit\u00e0. Le zone A e B, istituite per migliorare la pressione dell&#8217;acqua, hanno mostrato risultati positivi, con una riduzione del disagio per i cittadini&#8221;. <\/p>\n\n\n\n<p>Il sindaco ha anche evidenziato che &#8220;ci sono stati miglioramenti nell&#8217;evasione delle richieste di soccorso idrico, con un significativo aumento dell&#8217;efficienza&#8221;.<\/p>\n\n\n\n<p>Infine, l&#8217;assessore Caminiti ha rassicurato che l&#8217;apertura delle scuole non \u00e8 a rischio. &#8220;\u00c8 stato avviato un monitoraggio dei serbatoi nelle zone A e B, con autobotti pronte a intervenire dove necessario, garantendo cos\u00ec il regolare funzionamento degli edifici scolastici&#8221;.<\/p>\n","protected":false},"excerpt":{"rendered":"<p>Un nuovo distacco idrico \u00e8 previsto a Messina per il 3 settembre. L&#8217;annuncio arriva dal sindaco Federico Basile, in conferenza stampa insieme agli assessori Massimiliano Minutoli e Francesco Caminiti, e ai vertici dell&#8217;Amam, inclusa la presidente Loredana Bonasera. Il distacco \u00e8 necessario per riparare una perdita a Santa Margherita rilevata a luglio. &#8220;Finora siamo riusciti [&hellip;]<\/p>\n","protected":false},"author":15,"featured_media":43505,"comment_status":"open","ping_status":"open","sticky":false,"template":"","format":"standard","meta":{"ub_ctt_via":"","_mi_skip_tracking":false},"categories":[19],"tags":[8313,1080,9597,2972,5570,2050,128,874],"featured_image_src":"https:\/\/www.messinaoggi.it\/website\/wp-content\/uploads\/2020\/05\/F5520A83-0368-4B86-894E-B91234221F14.jpeg","author_info":{"display_name":"red.me","author_link":"https:\/\/www.messinaoggi.it\/website\/author\/red-me\/"},"digistream_id":0,"digistream":false,"_links":{"self":[{"href":"https:\/\/www.messinaoggi.it\/website\/wp-json\/wp\/v2\/posts\/209087"}],"collection":[{"href":"https:\/\/www.messinaoggi.it\/website\/wp-json\/wp\/v2\/posts"}],"about":[{"href":"https:\/\/www.messinaoggi.it\/website\/wp-json\/wp\/v2\/types\/post"}],"author":[{"embeddable":true,"href":"https:\/\/www.messinaoggi.it\/website\/wp-json\/wp\/v2\/users\/15"}],"replies":[{"embeddable":true,"href":"https:\/\/www.messinaoggi.it\/website\/wp-json\/wp\/v2\/comments?post=209087"}],"version-history":[{"count":9,"href":"https:\/\/www.messinaoggi.it\/website\/wp-json\/wp\/v2\/posts\/209087\/revisions"}],"predecessor-version":[{"id":209096,"href":"https:\/\/www.messinaoggi.it\/website\/wp-json\/wp\/v2\/posts\/209087\/revisions\/209096"}],"wp:featuredmedia":[{"embeddable":true,"href":"https:\/\/www.messinaoggi.it\/website\/wp-json\/wp\/v2\/media\/43505"}],"wp:attachment":[{"href":"https:\/\/www.messinaoggi.it\/website\/wp-json\/wp\/v2\/media?parent=209087"}],"wp:term":[{"taxonomy":"category","embeddable":true,"href":"https:\/\/www.messinaoggi.it\/website\/wp-json\/wp\/v2\/categories?post=209087"},{"taxonomy":"post_tag","embeddable":true,"href":"https:\/\/www.messinaoggi.it\/website\/wp-json\/wp\/v2\/tags?post=209087"}],"curies":[{"name":"wp","href":"https:\/\/api.w.org\/{rel}","templated":true}]}}