{"id":20902,"date":"2018-06-20T19:03:56","date_gmt":"2018-06-20T17:03:56","guid":{"rendered":"http:\/\/www.messinaoggi.it\/website\/?p=20902"},"modified":"2018-06-20T19:03:56","modified_gmt":"2018-06-20T17:03:56","slug":"minacce-a-musumeci-pd-solidale-con-il-governatore","status":"publish","type":"post","link":"https:\/\/www.messinaoggi.it\/website\/2018\/06\/20\/minacce-a-musumeci-pd-solidale-con-il-governatore\/","title":{"rendered":"Minacce a Musumeci, PD solidale con il Governatore"},"content":{"rendered":"<p style=\"text-align: justify\">Il PD si schiera con il Governatore della Regione Nello Musumeci dopo le minacce ricevute sul web da parte di appartenenti alla schiera grillina.\u00a0 \u201cNon \u00e8 una novit\u00e0 che nelle bacheche dei social di alcuni esponenti del M5S spuntino insulti, volgarit\u00e0 e invettive contro gli avversari politici. Cos\u00ec come non \u00e8 una novit\u00e0 la loro non repentina presa di distanza pubblica. Tuttavia, spesso a questa non segue alcuna segnalazione alla polizia postale.&#8221; ha tuonato il rappresentate del PD Palermo Miceli.<div id=\"div-gpt-ad-Messinaoggi.it-DSK-300x250-corpoart\" style=\"text-align:center;margin:0 auto;\"><\/div><\/p>\n<p style=\"text-align: justify\">L&#8217;esponente del centrosinistra, esprimendo tutta la sua solidariet\u00e0 nei confronti del capo del&#8217;esecutivo regionale, ha ripreso la pentastellata messinese Valentina Zafarana: &#8220;Se veramente la deputata M5S, Valentina Zafarana, vuole rendere un servizio alla collettivit\u00e0 renda pubblico il documento &#8211; naturalmente oscurando i dati sensibili &#8211; che attesta l&#8217;avvenuta segnalazione alle autorit\u00e0 competente della persona che ha rivolto al presidente della regione Nello Musumeci quelle parole oltraggiose. A quest&#8217;ultimo, a nome mio e del PD di Palermo, rivolgo un sincero attestato di solidariet\u00e0. Una cosa sia chiara, per fermare la squallida deriva sociale degli odiatori 2.0 \u00e8 bene non solo annunciare azioni legali ma anche dimostrare di averlo fatto. Da questo momento in poi io mi comporter\u00f2 in questo modo\u201d.<div id=\"videoincontent\" style=\"clear:both\";><\/div><\/p>\n","protected":false},"excerpt":{"rendered":"<p>Il PD si schiera con il Governatore della Regione Nello Musumeci dopo le minacce ricevute sul web da parte di appartenenti alla schiera grillina.\u00a0 \u201cNon \u00e8 una novit\u00e0 che nelle bacheche dei social di alcuni esponenti del M5S spuntino insulti, volgarit\u00e0 e invettive contro gli avversari politici. Cos\u00ec come non \u00e8 una novit\u00e0 la loro [&hellip;]<\/p>\n","protected":false},"author":6,"featured_media":8580,"comment_status":"closed","ping_status":"open","sticky":false,"template":"","format":"standard","meta":{"ub_ctt_via":"","_mi_skip_tracking":false},"categories":[11],"tags":[],"featured_image_src":"https:\/\/www.messinaoggi.it\/website\/wp-content\/uploads\/2017\/09\/musumeci-nello-a-capo-dorlando-2.jpg","author_info":{"display_name":"Redazione MessinaOggi.it","author_link":"https:\/\/www.messinaoggi.it\/website\/author\/p-vinci\/"},"digistream_id":0,"digistream":false,"_links":{"self":[{"href":"https:\/\/www.messinaoggi.it\/website\/wp-json\/wp\/v2\/posts\/20902"}],"collection":[{"href":"https:\/\/www.messinaoggi.it\/website\/wp-json\/wp\/v2\/posts"}],"about":[{"href":"https:\/\/www.messinaoggi.it\/website\/wp-json\/wp\/v2\/types\/post"}],"author":[{"embeddable":true,"href":"https:\/\/www.messinaoggi.it\/website\/wp-json\/wp\/v2\/users\/6"}],"replies":[{"embeddable":true,"href":"https:\/\/www.messinaoggi.it\/website\/wp-json\/wp\/v2\/comments?post=20902"}],"version-history":[{"count":0,"href":"https:\/\/www.messinaoggi.it\/website\/wp-json\/wp\/v2\/posts\/20902\/revisions"}],"wp:featuredmedia":[{"embeddable":true,"href":"https:\/\/www.messinaoggi.it\/website\/wp-json\/wp\/v2\/media\/8580"}],"wp:attachment":[{"href":"https:\/\/www.messinaoggi.it\/website\/wp-json\/wp\/v2\/media?parent=20902"}],"wp:term":[{"taxonomy":"category","embeddable":true,"href":"https:\/\/www.messinaoggi.it\/website\/wp-json\/wp\/v2\/categories?post=20902"},{"taxonomy":"post_tag","embeddable":true,"href":"https:\/\/www.messinaoggi.it\/website\/wp-json\/wp\/v2\/tags?post=20902"}],"curies":[{"name":"wp","href":"https:\/\/api.w.org\/{rel}","templated":true}]}}