{"id":208936,"date":"2024-08-26T10:05:35","date_gmt":"2024-08-26T08:05:35","guid":{"rendered":"https:\/\/www.messinaoggi.it\/website\/2024\/08\/26\/tajani-nessuna-possibilita-che-cada-il-governo\/"},"modified":"2024-08-26T10:33:38","modified_gmt":"2024-08-26T08:33:38","slug":"tajani-nessuna-possibilita-che-cada-il-governo","status":"publish","type":"post","link":"https:\/\/www.messinaoggi.it\/website\/2024\/08\/26\/tajani-nessuna-possibilita-che-cada-il-governo\/","title":{"rendered":"Tajani \u201cNessuna possibilit\u00e0 che cada il governo\u201d"},"content":{"rendered":"<div>ROMA (ITALPRESS) &#8211; &#8220;Non c&#8217;\u00e8 nessuna possibilit\u00e0 che il governo cada. Ognuno \u00e8 libero di fare delle proposte, di avere delle idee nell&#8217;ambito di un dibattito. Non siamo un partito unico: rivendico il diritto di dire ci\u00f2 che ritengo giusto per tutelare gli interessi del nostro Paese poi possono esserci idee differenti ma io non litigo con nessuno&#8221;. Lo ha detto il vicepremier e ministro degli Esteri, Antonio Tajani, a &#8220;Non stop news&#8221; su Rtl 102.5. &#8220;Come Forza Italia non c&#8217;\u00e8 alcuna ipotesi di problemi per il governo posti da Forza Italia. Noi siamo leali con gli alleati, abbiamo le nostre idee, nessuno pu\u00f2 darci ordini e noi non dobbiamo dare ordini agli altri&#8221;.(ITALPRESS).<div id=\"div-gpt-ad-Messinaoggi.it-DSK-300x250-corpoart\" style=\"text-align:center;margin:0 auto;\"><\/div><\/p>\n<p>Foto: Agenzia Fotogramma<div id=\"videoincontent\" style=\"clear:both\";><\/div><\/p><\/div>\n","protected":false},"excerpt":{"rendered":"<p>ROMA (ITALPRESS) &#8211; &#8220;Non c&#8217;\u00e8 nessuna possibilit\u00e0 che il governo cada. Ognuno \u00e8 libero di fare delle proposte, di avere delle idee nell&#8217;ambito di un dibattito. Non siamo un partito unico: rivendico il diritto di dire ci\u00f2 che ritengo giusto per tutelare gli interessi del nostro Paese poi possono esserci idee differenti ma io non [&hellip;]<\/p>\n","protected":false},"author":18,"featured_media":208937,"comment_status":"closed","ping_status":"closed","sticky":false,"template":"","format":"standard","meta":{"ub_ctt_via":"","_mi_skip_tracking":false},"categories":[446,4],"tags":[783],"featured_image_src":"https:\/\/www.messinaoggi.it\/website\/wp-content\/uploads\/2024\/08\/20240826_0139.jpg","author_info":{"display_name":"Admin","author_link":"https:\/\/www.messinaoggi.it\/website\/author\/admin\/"},"digistream_id":0,"digistream":false,"_links":{"self":[{"href":"https:\/\/www.messinaoggi.it\/website\/wp-json\/wp\/v2\/posts\/208936"}],"collection":[{"href":"https:\/\/www.messinaoggi.it\/website\/wp-json\/wp\/v2\/posts"}],"about":[{"href":"https:\/\/www.messinaoggi.it\/website\/wp-json\/wp\/v2\/types\/post"}],"author":[{"embeddable":true,"href":"https:\/\/www.messinaoggi.it\/website\/wp-json\/wp\/v2\/users\/18"}],"replies":[{"embeddable":true,"href":"https:\/\/www.messinaoggi.it\/website\/wp-json\/wp\/v2\/comments?post=208936"}],"version-history":[{"count":1,"href":"https:\/\/www.messinaoggi.it\/website\/wp-json\/wp\/v2\/posts\/208936\/revisions"}],"predecessor-version":[{"id":208940,"href":"https:\/\/www.messinaoggi.it\/website\/wp-json\/wp\/v2\/posts\/208936\/revisions\/208940"}],"wp:featuredmedia":[{"embeddable":true,"href":"https:\/\/www.messinaoggi.it\/website\/wp-json\/wp\/v2\/media\/208937"}],"wp:attachment":[{"href":"https:\/\/www.messinaoggi.it\/website\/wp-json\/wp\/v2\/media?parent=208936"}],"wp:term":[{"taxonomy":"category","embeddable":true,"href":"https:\/\/www.messinaoggi.it\/website\/wp-json\/wp\/v2\/categories?post=208936"},{"taxonomy":"post_tag","embeddable":true,"href":"https:\/\/www.messinaoggi.it\/website\/wp-json\/wp\/v2\/tags?post=208936"}],"curies":[{"name":"wp","href":"https:\/\/api.w.org\/{rel}","templated":true}]}}