{"id":208934,"date":"2024-08-26T10:05:33","date_gmt":"2024-08-26T08:05:33","guid":{"rendered":"https:\/\/www.messinaoggi.it\/website\/2024\/08\/26\/zangrillo-abbiamo-introdotto-un-cambio-di-paradigma-nel-rapporto-pa-imprese\/"},"modified":"2024-08-26T10:33:49","modified_gmt":"2024-08-26T08:33:49","slug":"zangrillo-abbiamo-introdotto-un-cambio-di-paradigma-nel-rapporto-pa-imprese","status":"publish","type":"post","link":"https:\/\/www.messinaoggi.it\/website\/2024\/08\/26\/zangrillo-abbiamo-introdotto-un-cambio-di-paradigma-nel-rapporto-pa-imprese\/","title":{"rendered":"Zangrillo \u201cAbbiamo introdotto un cambio di paradigma nel rapporto Pa-Imprese\u201d"},"content":{"rendered":"<div>ROMA (ITALPRESS) &#8211; &#8220;Quella dei controlli sulle attivit\u00e0 economiche \u00e8 una riforma spesso sbandierata ma che mai nessuno ha realizzato. Il via libera definitivo al decreto, prima della pausa estiva, \u00e8 arrivato dopo due passaggi in Consiglio dei ministri e dopo avere ottenuto il parere del Garante per la privacy, l&#8217;intesa della Conferenza unificata, il parere del Consiglio di Stato nonch\u00e8 delle Commissioni competenti di Camera e Senato. Non abbiamo perso tempo. Siamo intervenuti per ridurre l&#8217;eccessiva burocrazia e liberare le Pmi da un sistema in cui rischiavano di subire 122 controlli all&#8217;anno da parte di 19 enti pubblici diversi. Una perdita di tempo e di risorse: il costo complessivo per le aziende italiane di questa attivit\u00e0 \u00e8 stato stimato in 57 miliardi di euro l&#8217;anno&#8221;. Cos\u00ec, in una intervista al Corriere della Sera, il ministro per la Pubblica Amministrazione, Paolo Zangrillo, dopo che a luglio \u00e8 stato approvato il decreto che d\u00e0 corpo alla delega per la semplificazione.<br \/>&#8220;Abbiamo introdotto un cambio di paradigma nel rapporto tra Pa e imprese: dalla logica sanzionatoria &#8211; sottolinea &#8211; si passa alla prevenzione degli illeciti ricercando un approccio collaborativo, di fiducia reciproca, tra le autorit\u00e0 preposte al controllo e le attivit\u00e0 economiche, un approccio che vuole incentivare i comportamenti virtuosi in un&#8217;ottica di premialit\u00e0&#8221;. &#8220;Il decreto &#8211; spiega &#8211; introduce il censimento dei controlli da parte delle singole amministrazioni, un&#8217;attivit\u00e0 necessaria perch\u00e8 costringe ogni ente controllante a un&#8217;analisi di senso e di efficacia per poi coordinarsi con le altre amministrazioni, il tutto sotto la regia del dipartimento della Funzione pubblica. A questo si aggiunge l&#8217;istituzione di un sistema di identificazione e gestione del rischio, secondo parametri specifici. Salvo ipotesi particolari, per le imprese in possesso del report di basso rischio i controlli ordinari verranno effettuati non pi\u00f9 di una volta l&#8217;anno&#8221;. <br \/>&#8220;Le analisi effettuate per mettere a punto il decreto sui controlli &#8211; aggiunge il ministro Zangrillo &#8211; ci dicono che il tempo medio dedicato dalle Pmi all&#8217;interazione con la Pa pu\u00f2 raggiungere le 550 ore l&#8217;anno, addirittura 1.200 ore per le medie imprese. Dovevamo intervenire e lo stiamo facendo attraverso il dialogo e il confronto con imprese e categorie&#8221;. &#8220;Parlare di riduzione dei controlli &#8211; aggiunge &#8211; sarebbe riduttivo, stiamo ragionando in termini qualitativi, non quantitativi. L&#8217;obiettivo \u00e8 ottimizzare i controlli rendendoli pi\u00f9 efficaci, per tutelare l&#8217;interesse pubblico senza intralciare il sistema imprese&#8221;. &#8220;Il report certificativo, inserito nel fascicolo informatico d&#8217;impresa che le amministrazioni devono consultare prima di avviare i controlli, servir\u00e0 &#8211; prosegue Zangrillo &#8211; a ridurre drasticamente i tempi. Secondo il principio dell&#8217;once only non si potranno chiedere documenti e informazioni gi\u00e0 disponibili alle pubbliche amministrazioni&#8221;. Fondamentale sar\u00e0 il ruolo dei dipendenti della Pa, &#8220;stiamo lavorando su questo, dalle procedure di reclutamento alla formazione, al sistema premiante &#8211; puntualizza il Ministro -. Dobbiamo puntare su sistemi gestionali innovativi in cui le persone che lavorano e producono risultati possono crescere e fare carriera. Il merito \u00e8 una leva irrinunciabile. Dobbiamo partire dalla misurazione e valutazione della performance, che da mero adempimento burocratico, qual \u00e8 oggi, deve essere vissuto come uno step fondamentale a cui agganciare percorsi di carriera. I nostri dirigenti non devono essere solo eccellenti tecnici, ma leader che si preoccupano della crescita del capitale umano&#8221;.<br \/>&#8211; foto Agenzia Fotogramma &#8211;<br \/>(ITALPRESS).<\/div>\n<div id=\"div-gpt-ad-Messinaoggi.it-DSK-300x250-corpoart\" style=\"text-align:center;margin:0 auto;\"><\/div><\/p><div id=\"videoincontent\" style=\"clear:both\";><\/div>","protected":false},"excerpt":{"rendered":"<p>ROMA (ITALPRESS) &#8211; &#8220;Quella dei controlli sulle attivit\u00e0 economiche \u00e8 una riforma spesso sbandierata ma che mai nessuno ha realizzato. Il via libera definitivo al decreto, prima della pausa estiva, \u00e8 arrivato dopo due passaggi in Consiglio dei ministri e dopo avere ottenuto il parere del Garante per la privacy, l&#8217;intesa della Conferenza unificata, il [&hellip;]<\/p>\n","protected":false},"author":18,"featured_media":208935,"comment_status":"closed","ping_status":"closed","sticky":false,"template":"","format":"standard","meta":{"ub_ctt_via":"","_mi_skip_tracking":false},"categories":[446,4],"tags":[783],"featured_image_src":"https:\/\/www.messinaoggi.it\/website\/wp-content\/uploads\/2024\/08\/20240826_0131.jpg","author_info":{"display_name":"Admin","author_link":"https:\/\/www.messinaoggi.it\/website\/author\/admin\/"},"digistream_id":0,"digistream":false,"_links":{"self":[{"href":"https:\/\/www.messinaoggi.it\/website\/wp-json\/wp\/v2\/posts\/208934"}],"collection":[{"href":"https:\/\/www.messinaoggi.it\/website\/wp-json\/wp\/v2\/posts"}],"about":[{"href":"https:\/\/www.messinaoggi.it\/website\/wp-json\/wp\/v2\/types\/post"}],"author":[{"embeddable":true,"href":"https:\/\/www.messinaoggi.it\/website\/wp-json\/wp\/v2\/users\/18"}],"replies":[{"embeddable":true,"href":"https:\/\/www.messinaoggi.it\/website\/wp-json\/wp\/v2\/comments?post=208934"}],"version-history":[{"count":1,"href":"https:\/\/www.messinaoggi.it\/website\/wp-json\/wp\/v2\/posts\/208934\/revisions"}],"predecessor-version":[{"id":208942,"href":"https:\/\/www.messinaoggi.it\/website\/wp-json\/wp\/v2\/posts\/208934\/revisions\/208942"}],"wp:featuredmedia":[{"embeddable":true,"href":"https:\/\/www.messinaoggi.it\/website\/wp-json\/wp\/v2\/media\/208935"}],"wp:attachment":[{"href":"https:\/\/www.messinaoggi.it\/website\/wp-json\/wp\/v2\/media?parent=208934"}],"wp:term":[{"taxonomy":"category","embeddable":true,"href":"https:\/\/www.messinaoggi.it\/website\/wp-json\/wp\/v2\/categories?post=208934"},{"taxonomy":"post_tag","embeddable":true,"href":"https:\/\/www.messinaoggi.it\/website\/wp-json\/wp\/v2\/tags?post=208934"}],"curies":[{"name":"wp","href":"https:\/\/api.w.org\/{rel}","templated":true}]}}