{"id":208898,"date":"2024-08-25T10:05:39","date_gmt":"2024-08-25T08:05:39","guid":{"rendered":"https:\/\/www.messinaoggi.it\/website\/2024\/08\/25\/m5s-conte-scissione-non-vedo-questo-rischio\/"},"modified":"2024-08-25T10:05:39","modified_gmt":"2024-08-25T08:05:39","slug":"m5s-conte-scissione-non-vedo-questo-rischio","status":"publish","type":"post","link":"https:\/\/www.messinaoggi.it\/website\/2024\/08\/25\/m5s-conte-scissione-non-vedo-questo-rischio\/","title":{"rendered":"M5s, Conte \u201cScissione? Non vedo questo rischio\u201d"},"content":{"rendered":"<div>ROMA (ITALPRESS) &#8211; &#8220;Non vedo questo rischio&#8221;. Lo ha detto il leader del M5S, Giuseppe Conte, in una intervista a Repubblica, a chi gli chiedeva se il movimento fosse vicino ad una clamorosa scissione. Secondo l&#8217;ex premier, il fondatore del partito, Beppe Grillo, &#8220;ha assunto precisi impegni contrattuali che lo obbligano a non sollevare mai questioni sull&#8217;utilizzo del simbolo da parte del Movimento, che peraltro \u00e8 gi\u00e0 stato modificato pi\u00f9 volte ed \u00e8 registrato a nome dell&#8217;associazione del Movimento 5 Stelle e non di singole persone&#8221;. E a chi lo accusa di aver trasformato il movimento in un partito personale, Conte risponde: &#8220;Si tratta di una sonora sciocchezza. Non ricordo che in passato sia mai stata fatta una costituente dal basso con piena libert\u00e0 di defenestrare anche il leader o approvare indirizzi da lui non condivisi&#8221;. Infine, sulla possibilit\u00e0 di ricandidarsi dopo due mandati, Conte ammette: &#8220;\u00e8 in atto da tempo una discussione che ha gi\u00e0 comportato, prima che io arrivassi alla guida del M5S, una modifica della regola. Non voglio in alcun modo condizionarne l&#8217;esito, mi limito a registrare che soprattutto in alcune tornate amministrative la regola rischia di svantaggiarci&#8221;. (ITALPRESS).<div id=\"div-gpt-ad-Messinaoggi.it-DSK-300x250-corpoart\" style=\"text-align:center;margin:0 auto;\"><\/div><\/p>\n<p>Foto: Agenzia Fotogramma<div id=\"videoincontent\" style=\"clear:both\";><\/div><\/p><\/div>\n","protected":false},"excerpt":{"rendered":"<p>ROMA (ITALPRESS) &#8211; &#8220;Non vedo questo rischio&#8221;. Lo ha detto il leader del M5S, Giuseppe Conte, in una intervista a Repubblica, a chi gli chiedeva se il movimento fosse vicino ad una clamorosa scissione. Secondo l&#8217;ex premier, il fondatore del partito, Beppe Grillo, &#8220;ha assunto precisi impegni contrattuali che lo obbligano a non sollevare mai [&hellip;]<\/p>\n","protected":false},"author":18,"featured_media":208899,"comment_status":"closed","ping_status":"closed","sticky":false,"template":"","format":"standard","meta":{"ub_ctt_via":"","_mi_skip_tracking":false},"categories":[446],"tags":[783],"featured_image_src":"https:\/\/www.messinaoggi.it\/website\/wp-content\/uploads\/2024\/08\/20240825_0046.jpg","author_info":{"display_name":"Admin","author_link":"https:\/\/www.messinaoggi.it\/website\/author\/admin\/"},"digistream_id":0,"digistream":false,"_links":{"self":[{"href":"https:\/\/www.messinaoggi.it\/website\/wp-json\/wp\/v2\/posts\/208898"}],"collection":[{"href":"https:\/\/www.messinaoggi.it\/website\/wp-json\/wp\/v2\/posts"}],"about":[{"href":"https:\/\/www.messinaoggi.it\/website\/wp-json\/wp\/v2\/types\/post"}],"author":[{"embeddable":true,"href":"https:\/\/www.messinaoggi.it\/website\/wp-json\/wp\/v2\/users\/18"}],"replies":[{"embeddable":true,"href":"https:\/\/www.messinaoggi.it\/website\/wp-json\/wp\/v2\/comments?post=208898"}],"version-history":[{"count":0,"href":"https:\/\/www.messinaoggi.it\/website\/wp-json\/wp\/v2\/posts\/208898\/revisions"}],"wp:featuredmedia":[{"embeddable":true,"href":"https:\/\/www.messinaoggi.it\/website\/wp-json\/wp\/v2\/media\/208899"}],"wp:attachment":[{"href":"https:\/\/www.messinaoggi.it\/website\/wp-json\/wp\/v2\/media?parent=208898"}],"wp:term":[{"taxonomy":"category","embeddable":true,"href":"https:\/\/www.messinaoggi.it\/website\/wp-json\/wp\/v2\/categories?post=208898"},{"taxonomy":"post_tag","embeddable":true,"href":"https:\/\/www.messinaoggi.it\/website\/wp-json\/wp\/v2\/tags?post=208898"}],"curies":[{"name":"wp","href":"https:\/\/api.w.org\/{rel}","templated":true}]}}