{"id":208877,"date":"2024-08-24T19:05:30","date_gmt":"2024-08-24T17:05:30","guid":{"rendered":"https:\/\/www.messinaoggi.it\/website\/2024\/08\/24\/gp-olanda-norris-in-pole-su-verstappen-con-leclerc-sesto\/"},"modified":"2024-08-24T19:05:30","modified_gmt":"2024-08-24T17:05:30","slug":"gp-olanda-norris-in-pole-su-verstappen-con-leclerc-sesto","status":"publish","type":"post","link":"https:\/\/www.messinaoggi.it\/website\/2024\/08\/24\/gp-olanda-norris-in-pole-su-verstappen-con-leclerc-sesto\/","title":{"rendered":"Gp Olanda, Norris in pole su Verstappen con Leclerc sesto"},"content":{"rendered":"<div>ZANDVOORT (OLANDA) (ITALPRESS) &#8211; Lando Norris partir\u00e0 dalla pole position in vista del Gp d&#8217;Olanda in programma domani sul circuito di Zandvoort. Il pilota della McLaren ha chiuso le qualifiche in 1&#8217;09&#8243;673 precedendo il campione del mondo Max Verstappen, che ottiene la seconda posizione sulla griglia di partenza con un distacco di tre decimi e mezzo. Terzo miglior crono del Q3, invece, per Oscar Piastri, che mette l&#8217;altra McLaren in seconda fila, dove sar\u00e0 affiancato da George Russell su Mercedes (+0.571). Sesta la Ferrari di Charles Leclerc, che partir\u00e0 dunque dalla terza fila insieme all&#8217;altra Red Bull di Sergio Perez, mentre sar\u00e0 nelle retrovie la Rossa di Carlos Sainz assieme a Lewis Hamilton, che non sono riusciti a superare il taglio del Q2. Bene le Aston Martin, con Fernando Alonso e Lance Stroll che saranno rispettivamente in settima e nona posizione sulla griglia di partenza, con Alexander Albon e Pierre Gasly che mettono la Williams e l&#8217;Alpine ottava e decima posizione.<br \/>\n&#8211; foto Ipa Agency &#8211;<br \/>\n(ITALPRESS).<\/div>\n<div id=\"div-gpt-ad-Messinaoggi.it-DSK-300x250-corpoart\" style=\"text-align:center;margin:0 auto;\"><\/div><\/p><div id=\"videoincontent\" style=\"clear:both\";><\/div>","protected":false},"excerpt":{"rendered":"<p>ZANDVOORT (OLANDA) (ITALPRESS) &#8211; Lando Norris partir\u00e0 dalla pole position in vista del Gp d&#8217;Olanda in programma domani sul circuito di Zandvoort. Il pilota della McLaren ha chiuso le qualifiche in 1&#8217;09&#8243;673 precedendo il campione del mondo Max Verstappen, che ottiene la seconda posizione sulla griglia di partenza con un distacco di tre decimi e [&hellip;]<\/p>\n","protected":false},"author":18,"featured_media":208878,"comment_status":"closed","ping_status":"closed","sticky":false,"template":"","format":"standard","meta":{"ub_ctt_via":"","_mi_skip_tracking":false},"categories":[446],"tags":[783],"featured_image_src":"https:\/\/www.messinaoggi.it\/website\/wp-content\/uploads\/2024\/08\/20240824_0916.jpg","author_info":{"display_name":"Admin","author_link":"https:\/\/www.messinaoggi.it\/website\/author\/admin\/"},"digistream_id":0,"digistream":false,"_links":{"self":[{"href":"https:\/\/www.messinaoggi.it\/website\/wp-json\/wp\/v2\/posts\/208877"}],"collection":[{"href":"https:\/\/www.messinaoggi.it\/website\/wp-json\/wp\/v2\/posts"}],"about":[{"href":"https:\/\/www.messinaoggi.it\/website\/wp-json\/wp\/v2\/types\/post"}],"author":[{"embeddable":true,"href":"https:\/\/www.messinaoggi.it\/website\/wp-json\/wp\/v2\/users\/18"}],"replies":[{"embeddable":true,"href":"https:\/\/www.messinaoggi.it\/website\/wp-json\/wp\/v2\/comments?post=208877"}],"version-history":[{"count":0,"href":"https:\/\/www.messinaoggi.it\/website\/wp-json\/wp\/v2\/posts\/208877\/revisions"}],"wp:featuredmedia":[{"embeddable":true,"href":"https:\/\/www.messinaoggi.it\/website\/wp-json\/wp\/v2\/media\/208878"}],"wp:attachment":[{"href":"https:\/\/www.messinaoggi.it\/website\/wp-json\/wp\/v2\/media?parent=208877"}],"wp:term":[{"taxonomy":"category","embeddable":true,"href":"https:\/\/www.messinaoggi.it\/website\/wp-json\/wp\/v2\/categories?post=208877"},{"taxonomy":"post_tag","embeddable":true,"href":"https:\/\/www.messinaoggi.it\/website\/wp-json\/wp\/v2\/tags?post=208877"}],"curies":[{"name":"wp","href":"https:\/\/api.w.org\/{rel}","templated":true}]}}