{"id":208871,"date":"2024-08-24T15:05:32","date_gmt":"2024-08-24T13:05:32","guid":{"rendered":"https:\/\/www.messinaoggi.it\/website\/2024\/08\/24\/8-anni-fa-il-sisma-di-amatrice-meloni-ce-ancora-molto-da-fare\/"},"modified":"2024-08-24T15:05:32","modified_gmt":"2024-08-24T13:05:32","slug":"8-anni-fa-il-sisma-di-amatrice-meloni-ce-ancora-molto-da-fare","status":"publish","type":"post","link":"https:\/\/www.messinaoggi.it\/website\/2024\/08\/24\/8-anni-fa-il-sisma-di-amatrice-meloni-ce-ancora-molto-da-fare\/","title":{"rendered":"8 anni fa il sisma di Amatrice, Meloni \u201cC\u2019\u00e8 ancora molto da fare\u201d"},"content":{"rendered":"<div>ROMA (ITALPRESS) &#8211; La notte del 24 agosto 2016 una scossa di terremoto di magnitudo 6.0 provoc\u00f2 nel centro Italia 299 vittime, 388 feriti e circa 41 mila sfollati, soprattutto nell&#8217;area di Amatrice, Accumoli e Arquata del Tronto. &#8220;Otto anni fa il catastrofico terremoto che ha devastato il Centro Italia. La terribile scossa delle 3.36, fissata nella mente di ognuno di noi dall&#8217;orologio fermo della Torre Civica di Amatrice, ha innescato una sequenza sismica che ha dispiegato i suoi effetti distruttivi per diversi mesi a seguire e ha coinvolto un territorio molto vasto della nostra Nazione &#8211; commenta il presidente del Consiglio, Giorgia Meloni -. Non dimenticheremo mai la notte del 24 agosto 2016. Le immagini della catastrofe, i borghi distrutti, il dolore e l&#8217;angoscia dei nostri connazionali, l&#8217;eroismo dei soccorritori sono tasselli di una memoria collettiva che il tempo non intaccher\u00e0. In questo anniversario ricordiamo chi non c&#8217;\u00e8 pi\u00f9 e ci stringiamo ai famigliari e ai cari delle vittime: non siete mai stati soli, e l&#8217;Italia \u00e8 e sar\u00e0 sempre al vostro fianco&#8221;.<br \/>\n&#8220;Otto anni dopo quella notte la ricostruzione non \u00e8 ancora<br \/>\ncompletata. Molto \u00e8 stato fatto, ma altrettanto c&#8217;\u00e8 da fare per<br \/>\nrestituire all&#8217;Appennino centrale il futuro che merita e per<br \/>\nrispondere al desiderio di chi \u00e8 nato e cresciuto in quei luoghi<br \/>\ndi tornare a viverli. Se l&#8217;obiettivo fondamentale \u00e8 far rientrare<br \/>\ni cittadini nelle loro case, e i numeri testimoniano che ci\u00f2 sta<br \/>\nprogressivamente accadendo, restituire sicurezza e vitalit\u00e0 al<br \/>\nCentro Italia &#8211; aggiunge &#8211; \u00e8 la premessa altrettanto<br \/>\nimprescindibile per contrastare lo spopolamento ed evitare che le<br \/>\naree interne e montane siano abbandonate. Non possiamo<br \/>\npermetterlo, perch\u00e8 ogni borgo d&#8217;Italia \u00e8 un pezzo dello spirito<br \/>\nnazionale e custodisce la nostra identit\u00e0 pi\u00f9 profonda&#8221;.<div id=\"div-gpt-ad-Messinaoggi.it-DSK-300x250-corpoart\" style=\"text-align:center;margin:0 auto;\"><\/div><\/p>\n<p>&#8211; foto: Agenzia Fotogramma &#8211;<br \/>\n(ITALPRESS).<div id=\"videoincontent\" style=\"clear:both\";><\/div><\/p><\/div>\n","protected":false},"excerpt":{"rendered":"<p>ROMA (ITALPRESS) &#8211; La notte del 24 agosto 2016 una scossa di terremoto di magnitudo 6.0 provoc\u00f2 nel centro Italia 299 vittime, 388 feriti e circa 41 mila sfollati, soprattutto nell&#8217;area di Amatrice, Accumoli e Arquata del Tronto. &#8220;Otto anni fa il catastrofico terremoto che ha devastato il Centro Italia. La terribile scossa delle 3.36, [&hellip;]<\/p>\n","protected":false},"author":18,"featured_media":208872,"comment_status":"closed","ping_status":"closed","sticky":false,"template":"","format":"standard","meta":{"ub_ctt_via":"","_mi_skip_tracking":false},"categories":[446],"tags":[783],"featured_image_src":"https:\/\/www.messinaoggi.it\/website\/wp-content\/uploads\/2024\/08\/20240824_0603.jpg","author_info":{"display_name":"Admin","author_link":"https:\/\/www.messinaoggi.it\/website\/author\/admin\/"},"digistream_id":0,"digistream":false,"_links":{"self":[{"href":"https:\/\/www.messinaoggi.it\/website\/wp-json\/wp\/v2\/posts\/208871"}],"collection":[{"href":"https:\/\/www.messinaoggi.it\/website\/wp-json\/wp\/v2\/posts"}],"about":[{"href":"https:\/\/www.messinaoggi.it\/website\/wp-json\/wp\/v2\/types\/post"}],"author":[{"embeddable":true,"href":"https:\/\/www.messinaoggi.it\/website\/wp-json\/wp\/v2\/users\/18"}],"replies":[{"embeddable":true,"href":"https:\/\/www.messinaoggi.it\/website\/wp-json\/wp\/v2\/comments?post=208871"}],"version-history":[{"count":0,"href":"https:\/\/www.messinaoggi.it\/website\/wp-json\/wp\/v2\/posts\/208871\/revisions"}],"wp:featuredmedia":[{"embeddable":true,"href":"https:\/\/www.messinaoggi.it\/website\/wp-json\/wp\/v2\/media\/208872"}],"wp:attachment":[{"href":"https:\/\/www.messinaoggi.it\/website\/wp-json\/wp\/v2\/media?parent=208871"}],"wp:term":[{"taxonomy":"category","embeddable":true,"href":"https:\/\/www.messinaoggi.it\/website\/wp-json\/wp\/v2\/categories?post=208871"},{"taxonomy":"post_tag","embeddable":true,"href":"https:\/\/www.messinaoggi.it\/website\/wp-json\/wp\/v2\/tags?post=208871"}],"curies":[{"name":"wp","href":"https:\/\/api.w.org\/{rel}","templated":true}]}}