{"id":208827,"date":"2024-08-23T19:05:34","date_gmt":"2024-08-23T17:05:34","guid":{"rendered":"https:\/\/www.messinaoggi.it\/website\/2024\/08\/23\/conte-ho-fiducia-nel-napoli-mercato-ci-pensa-la-societa\/"},"modified":"2024-08-23T19:05:34","modified_gmt":"2024-08-23T17:05:34","slug":"conte-ho-fiducia-nel-napoli-mercato-ci-pensa-la-societa","status":"publish","type":"post","link":"https:\/\/www.messinaoggi.it\/website\/2024\/08\/23\/conte-ho-fiducia-nel-napoli-mercato-ci-pensa-la-societa\/","title":{"rendered":"Conte \u201cHo fiducia nel Napoli. Mercato? Ci pensa la societ\u00e0\u201d"},"content":{"rendered":"<div>NAPOLI (ITALPRESS) &#8211; La sfida con il Bologna \u00e8 quella giusta per dare un segnale, per mettersi alle spalle la cocente sconfitta con il Verona e rilanciare le proprie ambizioni. Il Napoli si prepara all&#8217;esordio in campionato al Maradona, il mercato \u00e8 ancora aperto e Conte non vuole sentirne parlare: &#8220;La settimana scorsa abbiamo fatto una conferenza in cui s&#8217;\u00e8 parlato solo di mercato. Ho ricevuto zero domande sul Verona, o forse una, non s&#8217;\u00e8 parlato di calcio, ed \u00e8 successo quello che \u00e8 successo. Sul mercato dovete chiedere alla societ\u00e0, ma vedo che siete abbastanza informati perch\u00e8 leggo anche io tramite voi. Io voglio parlare del Bologna, come sapete, \u00e8 una partita&#8230; sapete cosa ha fatto l&#8217;anno scorso. Parliamo della gara, \u00e8 pi\u00f9 importante per me!&#8221;. L&#8217;allenatore dei partenopei ha la testa al campo: &#8220;Stiamo lavorando bene, i ragazzi sono responsabili, hanno preso coscienza di quanto successo nel secondo tempo con il Verona, non vogliono ripetere pi\u00f9 queste situazioni. Sono contento della disponibilit\u00e0 che mi danno. Ho grande fiducia, fiducia che oggi faccio fatica ad avvertire nell&#8217;ambiente e nei media, giustamente. Ma questi ragazzi hanno a cuore il Napoli e vogliono riportarlo competitivo&#8221;. Anche perch\u00e8 Conte sa bene che il Bologna non pu\u00f2 essere sottovalutato: &#8220;Loro sono arrivati in Champions l&#8217;anno scorso, questo ci deve far capire la difficolt\u00e0 della gara che andremo ad affrontare. Bisogner\u00e0 fare molta attenzione, dovremo giocare al 110%. E&#8217; importante che tutto l&#8217;ambiente dia fiducia, capisco le difficolt\u00e0 ma dobbiamo dare un segnale&#8221;. Sulle condizioni di Buongiorno: &#8220;Si sta allenando, lo valuteremo giorno per giorno, contiamo di recuperarlo&#8221;. Il tecnico azzurro ha poi parlato del neoacquisto David Neres: &#8220;Ha grande qualit\u00e0, fantasia, bravo nell&#8217;uno contro uno e sa fare gol e assist. Pu\u00f2 giocare su entrambe le fasce. L&#8217;abbiamo preso dopo un bel corteggiamento. Siamo contenti, ha bisogno di tempo per inserirsi nei meccanismi, ma \u00e8 un ragazzo sveglio&#8221;. Infine, sui tifosi: &#8220;Quello che a Napoli nessuno toglier\u00e0 mai sono entusiasmo e passione. Sicuramente visto l&#8217;anno scorso e Verona \u00e8 inevitabile ci possano essere dei mormorii. Ma sono sicuro che il tifoso del Napoli ci star\u00e0 vicino. Se saremo compatti ne usciremo quanto prima. A prescindere da quello che pu\u00f2 succedere sul mercato, io qui ho preso un impegno morale e umano. Non solo con Napoli e coi tifosi, ma anche verso i calciatori con i quali voglio ricostruire questo progetto. Calciatori che ho fortemente voluto restassero e che sarebbero potuti andare altrove. Ho un impegno umano verso questi ragazzi. Sar\u00f2 qui, testa bassa e lavoro. Far\u00f2 il possibile e anche l&#8217;impossibile per riportare il Napoli dove merita, ma serve pazienza. Noi siamo positivi, crediamo in quello che facciamo, ho fiducia&#8221;.<br \/>&#8211; Foto: Ipa Agency &#8211;<br \/>(ITALPRESS).<\/div>\n<div id=\"div-gpt-ad-Messinaoggi.it-DSK-300x250-corpoart\" style=\"text-align:center;margin:0 auto;\"><\/div><\/p><div id=\"videoincontent\" style=\"clear:both\";><\/div>","protected":false},"excerpt":{"rendered":"<p>NAPOLI (ITALPRESS) &#8211; La sfida con il Bologna \u00e8 quella giusta per dare un segnale, per mettersi alle spalle la cocente sconfitta con il Verona e rilanciare le proprie ambizioni. Il Napoli si prepara all&#8217;esordio in campionato al Maradona, il mercato \u00e8 ancora aperto e Conte non vuole sentirne parlare: &#8220;La settimana scorsa abbiamo fatto [&hellip;]<\/p>\n","protected":false},"author":18,"featured_media":208828,"comment_status":"closed","ping_status":"closed","sticky":false,"template":"","format":"standard","meta":{"ub_ctt_via":"","_mi_skip_tracking":false},"categories":[446],"tags":[783],"featured_image_src":"https:\/\/www.messinaoggi.it\/website\/wp-content\/uploads\/2024\/08\/20240823_1125.jpg","author_info":{"display_name":"Admin","author_link":"https:\/\/www.messinaoggi.it\/website\/author\/admin\/"},"digistream_id":0,"digistream":false,"_links":{"self":[{"href":"https:\/\/www.messinaoggi.it\/website\/wp-json\/wp\/v2\/posts\/208827"}],"collection":[{"href":"https:\/\/www.messinaoggi.it\/website\/wp-json\/wp\/v2\/posts"}],"about":[{"href":"https:\/\/www.messinaoggi.it\/website\/wp-json\/wp\/v2\/types\/post"}],"author":[{"embeddable":true,"href":"https:\/\/www.messinaoggi.it\/website\/wp-json\/wp\/v2\/users\/18"}],"replies":[{"embeddable":true,"href":"https:\/\/www.messinaoggi.it\/website\/wp-json\/wp\/v2\/comments?post=208827"}],"version-history":[{"count":0,"href":"https:\/\/www.messinaoggi.it\/website\/wp-json\/wp\/v2\/posts\/208827\/revisions"}],"wp:featuredmedia":[{"embeddable":true,"href":"https:\/\/www.messinaoggi.it\/website\/wp-json\/wp\/v2\/media\/208828"}],"wp:attachment":[{"href":"https:\/\/www.messinaoggi.it\/website\/wp-json\/wp\/v2\/media?parent=208827"}],"wp:term":[{"taxonomy":"category","embeddable":true,"href":"https:\/\/www.messinaoggi.it\/website\/wp-json\/wp\/v2\/categories?post=208827"},{"taxonomy":"post_tag","embeddable":true,"href":"https:\/\/www.messinaoggi.it\/website\/wp-json\/wp\/v2\/tags?post=208827"}],"curies":[{"name":"wp","href":"https:\/\/api.w.org\/{rel}","templated":true}]}}