{"id":208823,"date":"2024-08-23T19:05:30","date_gmt":"2024-08-23T17:05:30","guid":{"rendered":"https:\/\/www.messinaoggi.it\/website\/2024\/08\/23\/agricoltura-sociale-presentato-ripartiamo-dalla-nostra-terra\/"},"modified":"2024-08-23T19:05:30","modified_gmt":"2024-08-23T17:05:30","slug":"agricoltura-sociale-presentato-ripartiamo-dalla-nostra-terra","status":"publish","type":"post","link":"https:\/\/www.messinaoggi.it\/website\/2024\/08\/23\/agricoltura-sociale-presentato-ripartiamo-dalla-nostra-terra\/","title":{"rendered":"Agricoltura sociale, presentato \u201cRipartiamo dalla nostra terra\u201d"},"content":{"rendered":"<div>RIMINI (ITALPRESS) &#8211; Agricoltura come sinonimo di riscatto e reinserimento sociale: \u00e8 questa la filosofia che ha guidato Confagricoltura, JTI Italia e Caritas nella realizzazione del progetto &#8220;Ripartiamo dalla Nostra Terra. L&#8217;Agricoltura Sociale&#8221;, presentato oggi alla 45esima edizione del Meeting per l&#8217;amicizia fra i popoli a Rimini. <br \/>All&#8217;interno del progetto, quindici persone, detenute ed ex detenute, partecipano attivamente a tutte le fasi della gestione di un&#8217;azienda agricola autosufficiente, presso il complesso residenziale &#8220;Casale del Melagrano&#8221; di Castrolibero, in provincia di Cosenza, per reinserirsi nella vita sociale, lavorando. I destinatari dell&#8217;iniziativa si occupano di tutte le attivit\u00e0 dell&#8217;azienda, dalla coltivazione di frutta e verdura all&#8217;allevamento di animali; per poi dedicarsi alla lavorazione e al confezionamento dei prodotti agroalimentari e, infine, alla loro commercializzazione. L&#8217;intero processo \u00e8 agevolato dall&#8217;aiuto di un&#8217;equipe multidisciplinare &#8211; composta da psicologi, educatori, esperti del settore agricolo e volontari &#8211; e prevede l&#8217;attivazione di 6 tirocini formativi e lavorativi, in collaborazione con Agenzia per il Lavoro AG-Formazione. <br \/>L&#8217;evento di presentazione si \u00e8 aperto con i saluti del Ministro dell&#8217;Ambiente e della Sicurezza Energetica Gilberto Pichetto Fratin, che ha sottolineato l&#8217;importanza di questo genere di percorsi per creare un impatto positivo nelle comunit\u00e0. Sono poi seguiti gli interventi di Massimiliano Salini, Eurodeputato di Forza Italia e Vice Presidente del PPE al Parlamento Europeo, Sandro Gambuzza, Vicepresidente di Confagricoltura, Paolo Valente, Vice Direttore di Caritas Italiana e Lorenzo Fronteddu, Corporate Affairs &amp; Communication Director di JTI Italia.<br \/>&#8220;L&#8217;agricoltura rappresenta un valore essenziale per la nostra comunit\u00e0 in termini di produzione, nutrizione e alimentazione, tutela e valorizzazione del territorio &#8211; ha dichiarato Massimiliano Salini, Eurodeputato di Forza Italia e vice Presidente del PPE al Parlamento Europeo -. L&#8217;iniziativa che presentiamo oggi dimostra ancora una volta come il settore agricolo abbia anche una valenza sociale importante. Grazie a questi progetti formativi l&#8217;agricoltura diventa una opportunit\u00e0 per chi nella vita, dopo aver incontrato una difficolt\u00e0, ha deciso di volersi rialzare e guardare al futuro con forza, speranza e determinazione. Il mio impegno per il settore agricolo in sede di Parlamento Europeo parte da un principio fondamentale: la strategia agricola Europea non deve e non dovr\u00e0 essere modulata sulle esigenze della Commissione europea ma sulle esigenze degli europei. Se si confonde l&#8217;idea della sostenibilit\u00e0 con l&#8217;immagine di un ambiente che non consente ai cittadini e agli agricoltori di avere ci\u00f2 di cui hanno bisogno, queste regole vanno modificate. Lavoriamo per migliorare la consapevolezza che non ci sarebbe agricoltura senza agricoltori, per avere un&#8217;agricoltura all&#8217;altezza dei cittadini la prima preoccupazione che devono avere le istituzioni \u00e8 quella di consentire agli agricoltori di fare il loro mestiere&#8221;.<br \/>&#8220;L&#8217;agricoltura si \u00e8 innovata nei processi di produzione, ma i valori sui quali si fonda il nostro lavoro restano invariati: in particolare, la solidariet\u00e0, la resilienza e la consapevolezza &#8211; ha dichiarato Sandro Gambuzza, Vicepresidente di Confagricoltura -. Ogni giorno, infatti, lavoriamo per garantire la sicurezza alimentare a una popolazione sempre pi\u00f9 ampia, tutelando l&#8217;ambiente e il legame tra il territorio e le persone. L&#8217;agricoltura ha nel suo DNA una forte vocazione sociale, che si esprime al meglio quando riesce a valorizzare le persone pi\u00f9 fragili. Progetti come quello portato avanti con JTI Italia e Caritas, o come la nostra longeva iniziativa &#8220;Coltiviamo agricoltura sociale&#8221;, sono indispensabili per incentivare modalit\u00e0 di impresa etiche, che offrono opportunit\u00e0 di lavoro concrete anche a persone in difficolt\u00e0, con un riscontro positivo importante sulla produttivit\u00e0 e sulla societ\u00e0&#8221;.  <br \/>&#8220;Il progetto &#8211; ha sottolineato Paolo Valente, Vice Direttore di Caritas Italiana &#8211; risponde alla volont\u00e0 di Caritas Italiana di partire dagli ultimi nello sviluppare azioni di costruzione del bene comune. Qui si va nella direzione di un&#8217;economia inclusiva, capace di coinvolgere la comunit\u00e0 e nella comunit\u00e0 le persone in una situazione di fragilit\u00e0. Le Caritas diocesane sono sempre pi\u00f9 attente nell&#8217;accompagnare in particolare le persone detenute e ex detenute nel recuperare un rapporto positivo con le comunit\u00e0. Anche il tema del lavoro \u00e8 centrale quando si tratta di agire a contrasto della povert\u00e0 nel nostro Paese. Questo progetto unisce entrambi gli aspetti in una prospettiva che coinvolge attivamente il territorio interessato&#8221;.<br \/>&#8220;Siamo davvero orgogliosi di aver collaborato a questa bella iniziativa &#8211; ha concluso Lorenzo Fronteddu, Corporate Affairs &amp; Communication Director di JTI Italia -. Da anni ci impegniamo a sostenere con investimenti crescenti il comparto tabacchicolo italiano, e per la nostra azienda il settore agricolo riveste un ruolo cruciale. Per questo essere parte di un progetto che riesce a combinare in modo cos\u00ec proficuo due tematiche per noi centrali, come l&#8217;agricoltura e la sostenibilit\u00e0, offrendo una seconda chance a persone che ne hanno bisogno, \u00e8 per noi motivo di grande orgoglio. Ringraziamo quindi Confagricoltura, nostro partner di lungo corso con cui collaboriamo da tempo nella messa a punto di progetti di assoluto valore, e la Caritas Diocesana di Cosenza-Bisignano per aver reso possibile una collaborazione tanto fruttuosa&#8221;.<br \/>Il progetto, che \u00e8 partito lo scorso gennaio e si concluder\u00e0 alla fine del 2024, si inserisce nel solco del forte impegno dimostrato da JTI Italia durante gli anni per sostenere i territori in cui opera e le sue comunit\u00e0, valorizzando il tema dell&#8217;agricoltura sociale. La finalit\u00e0 principale \u00e8 sostenere l&#8217;integrazione sociale e lavorativa dei partecipanti, creando al contempo un modello formativo ed economico replicabile e sostenibile, dove il coefficiente educativo e di integrazione \u00e8 esaltato dall&#8217;approccio inclusivo del lavoro agricolo. Sviluppando il potenziale delle persone coinvolte, il progetto mira a gettare un ponte tra la societ\u00e0 civile e la realt\u00e0 carceraria, fornendo ai beneficiari non soltanto gli strumenti per imparare un mestiere, ma anche qualit\u00e0 come senso di responsabilit\u00e0 e di autogestione, fondamentali per una vita autonoma fuori dal carcere.<div id=\"div-gpt-ad-Messinaoggi.it-DSK-300x250-corpoart\" style=\"text-align:center;margin:0 auto;\"><\/div><\/p>\n<p>&#8211; foto ufficio stampa Spencer &amp; Lewis per JTI &#8211;<br \/>(ITALPRESS).<\/div>\n<div id=\"videoincontent\" style=\"clear:both\";><\/div>","protected":false},"excerpt":{"rendered":"<p>RIMINI (ITALPRESS) &#8211; Agricoltura come sinonimo di riscatto e reinserimento sociale: \u00e8 questa la filosofia che ha guidato Confagricoltura, JTI Italia e Caritas nella realizzazione del progetto &#8220;Ripartiamo dalla Nostra Terra. L&#8217;Agricoltura Sociale&#8221;, presentato oggi alla 45esima edizione del Meeting per l&#8217;amicizia fra i popoli a Rimini. All&#8217;interno del progetto, quindici persone, detenute ed ex [&hellip;]<\/p>\n","protected":false},"author":18,"featured_media":208824,"comment_status":"closed","ping_status":"closed","sticky":false,"template":"","format":"standard","meta":{"ub_ctt_via":"","_mi_skip_tracking":false},"categories":[446],"tags":[783],"featured_image_src":"https:\/\/www.messinaoggi.it\/website\/wp-content\/uploads\/2024\/08\/20240823_0810.jpg","author_info":{"display_name":"Admin","author_link":"https:\/\/www.messinaoggi.it\/website\/author\/admin\/"},"digistream_id":0,"digistream":false,"_links":{"self":[{"href":"https:\/\/www.messinaoggi.it\/website\/wp-json\/wp\/v2\/posts\/208823"}],"collection":[{"href":"https:\/\/www.messinaoggi.it\/website\/wp-json\/wp\/v2\/posts"}],"about":[{"href":"https:\/\/www.messinaoggi.it\/website\/wp-json\/wp\/v2\/types\/post"}],"author":[{"embeddable":true,"href":"https:\/\/www.messinaoggi.it\/website\/wp-json\/wp\/v2\/users\/18"}],"replies":[{"embeddable":true,"href":"https:\/\/www.messinaoggi.it\/website\/wp-json\/wp\/v2\/comments?post=208823"}],"version-history":[{"count":0,"href":"https:\/\/www.messinaoggi.it\/website\/wp-json\/wp\/v2\/posts\/208823\/revisions"}],"wp:featuredmedia":[{"embeddable":true,"href":"https:\/\/www.messinaoggi.it\/website\/wp-json\/wp\/v2\/media\/208824"}],"wp:attachment":[{"href":"https:\/\/www.messinaoggi.it\/website\/wp-json\/wp\/v2\/media?parent=208823"}],"wp:term":[{"taxonomy":"category","embeddable":true,"href":"https:\/\/www.messinaoggi.it\/website\/wp-json\/wp\/v2\/categories?post=208823"},{"taxonomy":"post_tag","embeddable":true,"href":"https:\/\/www.messinaoggi.it\/website\/wp-json\/wp\/v2\/tags?post=208823"}],"curies":[{"name":"wp","href":"https:\/\/api.w.org\/{rel}","templated":true}]}}