{"id":208795,"date":"2024-08-23T17:05:34","date_gmt":"2024-08-23T15:05:34","guid":{"rendered":"https:\/\/www.messinaoggi.it\/website\/2024\/08\/23\/fonseca-vede-milan-piu-pronto-col-parma-giochera-okafor\/"},"modified":"2024-08-23T17:05:34","modified_gmt":"2024-08-23T15:05:34","slug":"fonseca-vede-milan-piu-pronto-col-parma-giochera-okafor","status":"publish","type":"post","link":"https:\/\/www.messinaoggi.it\/website\/2024\/08\/23\/fonseca-vede-milan-piu-pronto-col-parma-giochera-okafor\/","title":{"rendered":"Fonseca vede Milan pi\u00f9 pronto \u201cCol Parma giocher\u00e0 Okafor\u201d"},"content":{"rendered":"<div>MILANO (ITALPRESS) &#8211; &#8220;La settimana \u00e8 andata molto bene, ci sono giocatori in diverse condizioni fisiche, considerato che sono arrivati in periodi diversi&#8221;. Cos\u00ec Paulo Fonseca, tecnico del Milan, in conferenza stampa in vista della sfida contro il Parma, in programma domani al Tardini alle 18.30. &#8220;Domani giocher\u00e0 Okafor, vogliamo avere una capacit\u00e0 di pressare alto diversa rispetto alla partita precedente &#8211; ha subito rivelato l&#8217;allenatore portoghese -. Luka (Jovic, ndr) pu\u00f2 essere utile pi\u00f9 avanti&#8221;. Sulle condizioni di Reijnders, Theo, Emerson e Fofana, ha aggiunto: &#8220;Sono ad un livello diverso. Reijnders e Theo sono prossimi alla migliore condizione fisica, Emerson e Fofana sono arrivati dopo. Fofana si \u00e8 allenato da solo per tanti giorni. Hanno bisogno di pi\u00f9 tempo&#8221;. Fonseca ha anche parlato di Camarda: &#8220;Non sar\u00e0 con noi. Siamo attenti ai giovani, nel precampionato ne abbiamo portati tanti. Bisogna scegliere il momento giusti per farli giocare, dobbiamo creare le giuste condizioni&#8221;. Fonseca non ha escluso la possibilit\u00e0 di inserire nell&#8217;undici titolare Pavlovic e spiegato che &#8220;il Milan non pu\u00f2 permettersi, contro tutte le squadre, di lasciargli una prima fase di costruzione cos\u00ec come ha avuto il Torino&#8221;. Per questo &#8220;voglio una squadra diversa. Penso che siamo migliorati molto nel secondo tempo. Ma dobbiamo essere costanti, non possiamo accenderci solo per 5 minuti&#8221;. I pericoli maggiori del Parma sono gli esterni. E&#8217; una squadra con un&#8217;identit\u00e0 forte. Molto aggressiva difensivamente ed in contropiede. I giocatori esterni sono veramente molto pericolosi, dobbiamo fare attenzione quando perdiamo palla per non farli partire in contropiede. Sono molto combattivi, non ho dubbi che sar\u00e0 difficile&#8221;. Sulle condizioni di Morata: &#8220;Il suo rientro dipender\u00e0 dall&#8217;evoluzione&#8230; E&#8217; un piccolo problema, non grande &#8211; ha sottolineato il portoghese -. Prima della partita aveva sentito qualcosa, ma avevamo fatto esami e non c&#8217;era niente. Avevo il dubbio se farlo giocare dall&#8217;inizio o no, non ho voluto rischiare e ho utilizzato precauzioni. Lui voleva giocare, ma insieme allo staff abbiamo capito che sarebbe stato rischioso. Lui ci ha detto che stava bene. E&#8217; un problema quando i giocatori arrivano tardi e noi abbiamo necessit\u00e0 di farli giocare, ma credo che abbiamo gestito bene la situazione&#8221;. Infine, sul mercato Fonseca ha concluso: &#8220;Penso che fino ad ora la societ\u00e0 ha fatto un grande lavoro con gli acquisti. Penso che una squadra come il Milan ha sempre opportunit\u00e0 di migliorarsi, vediamo cosa succeder\u00e0. Devo dire che la societ\u00e0 ha fatto un ottimo lavoro con i giocatori che hanno portato. Possibile addio Leao? Il nostro CEO ha parlato ieri, mi \u00e8 piaciuto molto quello che ho sentito. Rafa \u00e8 fondamentale in questa squadra&#8221;.<br \/>&#8211; Foto: Ipa Agency &#8211;<br \/>(ITALPRESS).<\/div>\n<div id=\"div-gpt-ad-Messinaoggi.it-DSK-300x250-corpoart\" style=\"text-align:center;margin:0 auto;\"><\/div><\/p><div id=\"videoincontent\" style=\"clear:both\";><\/div>","protected":false},"excerpt":{"rendered":"<p>MILANO (ITALPRESS) &#8211; &#8220;La settimana \u00e8 andata molto bene, ci sono giocatori in diverse condizioni fisiche, considerato che sono arrivati in periodi diversi&#8221;. Cos\u00ec Paulo Fonseca, tecnico del Milan, in conferenza stampa in vista della sfida contro il Parma, in programma domani al Tardini alle 18.30. &#8220;Domani giocher\u00e0 Okafor, vogliamo avere una capacit\u00e0 di pressare [&hellip;]<\/p>\n","protected":false},"author":18,"featured_media":208796,"comment_status":"closed","ping_status":"closed","sticky":false,"template":"","format":"standard","meta":{"ub_ctt_via":"","_mi_skip_tracking":false},"categories":[446],"tags":[783],"featured_image_src":"https:\/\/www.messinaoggi.it\/website\/wp-content\/uploads\/2024\/08\/20240823_0785.jpg","author_info":{"display_name":"Admin","author_link":"https:\/\/www.messinaoggi.it\/website\/author\/admin\/"},"digistream_id":0,"digistream":false,"_links":{"self":[{"href":"https:\/\/www.messinaoggi.it\/website\/wp-json\/wp\/v2\/posts\/208795"}],"collection":[{"href":"https:\/\/www.messinaoggi.it\/website\/wp-json\/wp\/v2\/posts"}],"about":[{"href":"https:\/\/www.messinaoggi.it\/website\/wp-json\/wp\/v2\/types\/post"}],"author":[{"embeddable":true,"href":"https:\/\/www.messinaoggi.it\/website\/wp-json\/wp\/v2\/users\/18"}],"replies":[{"embeddable":true,"href":"https:\/\/www.messinaoggi.it\/website\/wp-json\/wp\/v2\/comments?post=208795"}],"version-history":[{"count":0,"href":"https:\/\/www.messinaoggi.it\/website\/wp-json\/wp\/v2\/posts\/208795\/revisions"}],"wp:featuredmedia":[{"embeddable":true,"href":"https:\/\/www.messinaoggi.it\/website\/wp-json\/wp\/v2\/media\/208796"}],"wp:attachment":[{"href":"https:\/\/www.messinaoggi.it\/website\/wp-json\/wp\/v2\/media?parent=208795"}],"wp:term":[{"taxonomy":"category","embeddable":true,"href":"https:\/\/www.messinaoggi.it\/website\/wp-json\/wp\/v2\/categories?post=208795"},{"taxonomy":"post_tag","embeddable":true,"href":"https:\/\/www.messinaoggi.it\/website\/wp-json\/wp\/v2\/tags?post=208795"}],"curies":[{"name":"wp","href":"https:\/\/api.w.org\/{rel}","templated":true}]}}