{"id":208793,"date":"2024-08-23T17:05:32","date_gmt":"2024-08-23T15:05:32","guid":{"rendered":"https:\/\/www.messinaoggi.it\/website\/2024\/08\/23\/ius-scholae-bernini-non-sara-argomento-di-separazione-tra-alleati\/"},"modified":"2024-08-23T17:05:32","modified_gmt":"2024-08-23T15:05:32","slug":"ius-scholae-bernini-non-sara-argomento-di-separazione-tra-alleati","status":"publish","type":"post","link":"https:\/\/www.messinaoggi.it\/website\/2024\/08\/23\/ius-scholae-bernini-non-sara-argomento-di-separazione-tra-alleati\/","title":{"rendered":"Ius Scholae, Bernini \u201cNon sar\u00e0 argomento di separazione tra alleati\u201d"},"content":{"rendered":"<div>RIMINI (ITALPRESS) &#8211; Lo Ius Scholae &#8220;non sar\u00e0 un argomento di separazione tra di noi, sar\u00e0 uno strumento di unit\u00e0 e conciliazione. Confronto e conciliazione, parola che a noi piace molto&#8221;. Cos\u00ec la ministra dell&#8217;Universit\u00e0 e della Ricerca, Annamaria Bernini, nel corso di un punto stampa al Meeting di Rimini. &#8220;Non rappresenta un tema del programma di governo, ma per noi significa un modo per guardare in maniera ragionata e realistica a un futuro sempre pi\u00f9 vicino. Per noi \u00e8 un p\u00f2 un passato che si fa futuro &#8211; ricorda &#8211; perch\u00e8 il nostro presidente ha sempre valorizzato quello che all&#8217;epoca si chiamava Ius Culturae, perch\u00e8 per noi cittadinanza significa condivisione di valori, di ideali, di cultura, di formazione comune e questo \u00e8 il modo attraverso il quale noi vogliamo affrontare e condividere l&#8217;argomento Ius Scholae con gli alleati di governo&#8221;.<br \/>(ITALPRESS).<br \/>-Foto: xb1\/Italpress-<\/div>\n<div id=\"div-gpt-ad-Messinaoggi.it-DSK-300x250-corpoart\" style=\"text-align:center;margin:0 auto;\"><\/div><\/p><div id=\"videoincontent\" style=\"clear:both\";><\/div>","protected":false},"excerpt":{"rendered":"<p>RIMINI (ITALPRESS) &#8211; Lo Ius Scholae &#8220;non sar\u00e0 un argomento di separazione tra di noi, sar\u00e0 uno strumento di unit\u00e0 e conciliazione. Confronto e conciliazione, parola che a noi piace molto&#8221;. Cos\u00ec la ministra dell&#8217;Universit\u00e0 e della Ricerca, Annamaria Bernini, nel corso di un punto stampa al Meeting di Rimini. &#8220;Non rappresenta un tema del [&hellip;]<\/p>\n","protected":false},"author":18,"featured_media":208794,"comment_status":"closed","ping_status":"closed","sticky":false,"template":"","format":"standard","meta":{"ub_ctt_via":"","_mi_skip_tracking":false},"categories":[446],"tags":[783],"featured_image_src":"https:\/\/www.messinaoggi.it\/website\/wp-content\/uploads\/2024\/08\/20240823_0765.jpg","author_info":{"display_name":"Admin","author_link":"https:\/\/www.messinaoggi.it\/website\/author\/admin\/"},"digistream_id":0,"digistream":false,"_links":{"self":[{"href":"https:\/\/www.messinaoggi.it\/website\/wp-json\/wp\/v2\/posts\/208793"}],"collection":[{"href":"https:\/\/www.messinaoggi.it\/website\/wp-json\/wp\/v2\/posts"}],"about":[{"href":"https:\/\/www.messinaoggi.it\/website\/wp-json\/wp\/v2\/types\/post"}],"author":[{"embeddable":true,"href":"https:\/\/www.messinaoggi.it\/website\/wp-json\/wp\/v2\/users\/18"}],"replies":[{"embeddable":true,"href":"https:\/\/www.messinaoggi.it\/website\/wp-json\/wp\/v2\/comments?post=208793"}],"version-history":[{"count":0,"href":"https:\/\/www.messinaoggi.it\/website\/wp-json\/wp\/v2\/posts\/208793\/revisions"}],"wp:featuredmedia":[{"embeddable":true,"href":"https:\/\/www.messinaoggi.it\/website\/wp-json\/wp\/v2\/media\/208794"}],"wp:attachment":[{"href":"https:\/\/www.messinaoggi.it\/website\/wp-json\/wp\/v2\/media?parent=208793"}],"wp:term":[{"taxonomy":"category","embeddable":true,"href":"https:\/\/www.messinaoggi.it\/website\/wp-json\/wp\/v2\/categories?post=208793"},{"taxonomy":"post_tag","embeddable":true,"href":"https:\/\/www.messinaoggi.it\/website\/wp-json\/wp\/v2\/tags?post=208793"}],"curies":[{"name":"wp","href":"https:\/\/api.w.org\/{rel}","templated":true}]}}