{"id":208764,"date":"2024-08-23T13:05:32","date_gmt":"2024-08-23T11:05:32","guid":{"rendered":"https:\/\/www.messinaoggi.it\/website\/2024\/08\/23\/kamala-harris-accetta-la-candidatura-dem-saro-la-presidente-di-tutti\/"},"modified":"2024-08-23T13:05:32","modified_gmt":"2024-08-23T11:05:32","slug":"kamala-harris-accetta-la-candidatura-dem-saro-la-presidente-di-tutti","status":"publish","type":"post","link":"https:\/\/www.messinaoggi.it\/website\/2024\/08\/23\/kamala-harris-accetta-la-candidatura-dem-saro-la-presidente-di-tutti\/","title":{"rendered":"Kamala Harris accetta la candidatura Dem \u201cSar\u00f2 la presidente di tutti\u201d"},"content":{"rendered":"<div>CHICAGO (STATI UNITI) (ITALPRESS) &#8211; Kamala Harris ha accettato la candidatura alla presidenza degli Stati Uniti.<br \/>\nUna lunga ovazione al suo ingresso e una pioggia di palloncini rossi, bianchi e blu dopo il suo discorso. Kamala Harris al centro del palco della convention democratica a Chicago pronuncia il discorso di una nomination definita &#8220;storica&#8221; da molti americani e promette: &#8220;Sar\u00f2 la presidente di tutti&#8221;.<br \/>\n&#8220;Nell&#8217;unit\u00e0 c&#8217;\u00e8 la nostra forza&#8221;, afferma Harris, &#8220;mostriamo al mondo chi siamo, e cio\u00e8 il Paese delle libert\u00e0, delle opportunit\u00e0 e di possibilit\u00e0 senza fine&#8221;. Nel suo discorso anche riferimenti alla sua storia personale e i punti principali di quello che sar\u00e0 il suo programma. &#8220;Questa elezione non \u00e8 solo la pi\u00f9 importante delle nostre vite, \u00e8 una delle pi\u00f9 importanti nella vita della nostra nazione&#8221;, evidenzia la candidata dem. Poi l&#8217;attacco al suo avversario: &#8220;Per molti versi, Donald Trump \u00e8 un uomo non serio &#8211; afferma -, ma le conseguenze del suo ritorno alla Casa Bianca sono estremamente gravi&#8221;. E aggiunge: &#8220;w\u00e8re not going back&#8221;, non torneremo indietro.<br \/>\nSul Medio Oriente, Harris afferma di essere per &#8220;il diritto di Israele di difendersi e mi assicurer\u00f2 &#8211; sottolinea &#8211; che abbia le possibilit\u00e0 di farlo&#8221; ma &#8220;allo stesso tempo ci\u00f2 che \u00e8 accaduto a Gaza negli ultimi 10 mesi \u00e8 devastante&#8221;. &#8220;Il presidente Biden e io stiamo lavorando per porre fine a questa guerra&#8221;, assicura.<br \/>\nInfine le altre questioni estere. &#8220;Voglio che l&#8217;America e non la Cina vinca la competizione&#8221; per guidare il mondo. E l&#8217;impegno a &#8220;stare fermamente con l&#8217;Ucraina&#8221; e nella Nato.<br \/>\n&#8211; foto Ipa &#8211;<br \/>\n(ITALPRESS).<\/div>\n<div id=\"div-gpt-ad-Messinaoggi.it-DSK-300x250-corpoart\" style=\"text-align:center;margin:0 auto;\"><\/div><\/p><div id=\"videoincontent\" style=\"clear:both\";><\/div>","protected":false},"excerpt":{"rendered":"<p>CHICAGO (STATI UNITI) (ITALPRESS) &#8211; Kamala Harris ha accettato la candidatura alla presidenza degli Stati Uniti. Una lunga ovazione al suo ingresso e una pioggia di palloncini rossi, bianchi e blu dopo il suo discorso. Kamala Harris al centro del palco della convention democratica a Chicago pronuncia il discorso di una nomination definita &#8220;storica&#8221; da [&hellip;]<\/p>\n","protected":false},"author":18,"featured_media":208765,"comment_status":"closed","ping_status":"closed","sticky":false,"template":"","format":"standard","meta":{"ub_ctt_via":"","_mi_skip_tracking":false},"categories":[446],"tags":[783],"featured_image_src":"https:\/\/www.messinaoggi.it\/website\/wp-content\/uploads\/2024\/08\/20240823_0094.jpg","author_info":{"display_name":"Admin","author_link":"https:\/\/www.messinaoggi.it\/website\/author\/admin\/"},"digistream_id":0,"digistream":false,"_links":{"self":[{"href":"https:\/\/www.messinaoggi.it\/website\/wp-json\/wp\/v2\/posts\/208764"}],"collection":[{"href":"https:\/\/www.messinaoggi.it\/website\/wp-json\/wp\/v2\/posts"}],"about":[{"href":"https:\/\/www.messinaoggi.it\/website\/wp-json\/wp\/v2\/types\/post"}],"author":[{"embeddable":true,"href":"https:\/\/www.messinaoggi.it\/website\/wp-json\/wp\/v2\/users\/18"}],"replies":[{"embeddable":true,"href":"https:\/\/www.messinaoggi.it\/website\/wp-json\/wp\/v2\/comments?post=208764"}],"version-history":[{"count":0,"href":"https:\/\/www.messinaoggi.it\/website\/wp-json\/wp\/v2\/posts\/208764\/revisions"}],"wp:featuredmedia":[{"embeddable":true,"href":"https:\/\/www.messinaoggi.it\/website\/wp-json\/wp\/v2\/media\/208765"}],"wp:attachment":[{"href":"https:\/\/www.messinaoggi.it\/website\/wp-json\/wp\/v2\/media?parent=208764"}],"wp:term":[{"taxonomy":"category","embeddable":true,"href":"https:\/\/www.messinaoggi.it\/website\/wp-json\/wp\/v2\/categories?post=208764"},{"taxonomy":"post_tag","embeddable":true,"href":"https:\/\/www.messinaoggi.it\/website\/wp-json\/wp\/v2\/tags?post=208764"}],"curies":[{"name":"wp","href":"https:\/\/api.w.org\/{rel}","templated":true}]}}