{"id":208748,"date":"2024-08-22T21:05:30","date_gmt":"2024-08-22T19:05:30","guid":{"rendered":"https:\/\/www.messinaoggi.it\/website\/2024\/08\/22\/ius-scholae-tajani-al-meeting-mondo-e-cambiato-bisogna-andare-avanti\/"},"modified":"2024-08-22T21:05:30","modified_gmt":"2024-08-22T19:05:30","slug":"ius-scholae-tajani-al-meeting-mondo-e-cambiato-bisogna-andare-avanti","status":"publish","type":"post","link":"https:\/\/www.messinaoggi.it\/website\/2024\/08\/22\/ius-scholae-tajani-al-meeting-mondo-e-cambiato-bisogna-andare-avanti\/","title":{"rendered":"Ius scholae, Tajani al Meeting \u201cMondo \u00e8 cambiato, bisogna andare avanti\u201d"},"content":{"rendered":"<div>RIMINI (ITALPRESS) &#8211; &#8220;Essere italiano, essere europeo o essere patriota non \u00e8 legato a sette generazioni prima. Preferisco uno che ha i genitori stranieri e canta l&#8217;inno di Mameli a uno che \u00e8 italiano da sette generazioni e non canta l&#8217;inno. Chi \u00e8 pi\u00f9 patriota dei due?&#8221;. Lo ha detto il vicepremier e ministro degli Esteri, Antonio Tajani, al Meeting di Rimini. &#8220;Insisto sulla formazione, sull&#8217;identit\u00e0 e sulla cultura. Sei italiano ed europeo non perch\u00e8 hai la pelle bianca, gialla, rossa o verde, ma perch\u00e8 dentro di te hai quelle convinzioni e quell&#8217;anima europea. Se poi i tuoi genitori sono nati a Kiev, a La Paz o a Dakar \u00e8 la stessa identica cosa&#8221;, ha aggiunto. Per il leader di Forza Italia &#8220;il mondo \u00e8 cambiato, bisogna andare avanti, ma non lo dico perch\u00e8 sono un pericoloso lassista e voglio aprire le frontiere a cani e porci, ma perch\u00e8 la realt\u00e0 italiana \u00e8 questa e dobbiamo pensare a cosa sono gli italiani oggi. Bisogna sempre guardare in avanti ed essere realisti&#8221;. <br \/>Al panel con Tajani presenti anche il presidente della Fondazione Meeting per l&#8217;amicizia fra i popoli ETS, Bernhard Scholz, e Monsignor Vincenzo Paglia, presidente della Pontificia Accademia per la Vita. &#8220;Le nostre societ\u00e0 rischiano di diventare sempre pi\u00f9 frammentate, c&#8217;\u00e8 anche un aumento di conflittualit\u00e0 dentro la societ\u00e0 civile occidentale &#8211; ha detto Scholz -. Sappiamo quanto la democrazia stessa \u00e8 diventata vulnerabile, non solo in America, ma anche in alcuni Paesi del nostro continente&#8221;<br \/>Secondo Paglia, &#8220;un&#8217;alleanza tra istituzioni politiche, governative e anche ecclesiali \u00e8 un&#8217;alleanza provvidenziale per<br \/>fare crescere la pace. Sul versante della politica, la<br \/>cooperazione \u00e8 una via straordinaria di pace. La guerra lascia il mondo sempre peggiore di quando \u00e8 iniziata: ecco perch\u00e8 dovremmo avere uno scatto culturale pi\u00f9 deciso per dare alla pace il ruolo di relazioni stabili e giuste per la convivenza pacifica tra i diversi popoli. Mi auguro che il governo italiano possa accelerare e rafforzare il proprio impegno&#8221;.<div id=\"div-gpt-ad-Messinaoggi.it-DSK-300x250-corpoart\" style=\"text-align:center;margin:0 auto;\"><\/div><\/p>\n<p>&#8211; foto: Agenzia Fotogramma &#8211;<br \/>(ITALPRESS).<\/div>\n<div id=\"videoincontent\" style=\"clear:both\";><\/div>","protected":false},"excerpt":{"rendered":"<p>RIMINI (ITALPRESS) &#8211; &#8220;Essere italiano, essere europeo o essere patriota non \u00e8 legato a sette generazioni prima. Preferisco uno che ha i genitori stranieri e canta l&#8217;inno di Mameli a uno che \u00e8 italiano da sette generazioni e non canta l&#8217;inno. Chi \u00e8 pi\u00f9 patriota dei due?&#8221;. Lo ha detto il vicepremier e ministro degli [&hellip;]<\/p>\n","protected":false},"author":18,"featured_media":208749,"comment_status":"closed","ping_status":"closed","sticky":false,"template":"","format":"standard","meta":{"ub_ctt_via":"","_mi_skip_tracking":false},"categories":[446],"tags":[783],"featured_image_src":"https:\/\/www.messinaoggi.it\/website\/wp-content\/uploads\/2024\/08\/20240822_1350.jpg","author_info":{"display_name":"Admin","author_link":"https:\/\/www.messinaoggi.it\/website\/author\/admin\/"},"digistream_id":0,"digistream":false,"_links":{"self":[{"href":"https:\/\/www.messinaoggi.it\/website\/wp-json\/wp\/v2\/posts\/208748"}],"collection":[{"href":"https:\/\/www.messinaoggi.it\/website\/wp-json\/wp\/v2\/posts"}],"about":[{"href":"https:\/\/www.messinaoggi.it\/website\/wp-json\/wp\/v2\/types\/post"}],"author":[{"embeddable":true,"href":"https:\/\/www.messinaoggi.it\/website\/wp-json\/wp\/v2\/users\/18"}],"replies":[{"embeddable":true,"href":"https:\/\/www.messinaoggi.it\/website\/wp-json\/wp\/v2\/comments?post=208748"}],"version-history":[{"count":0,"href":"https:\/\/www.messinaoggi.it\/website\/wp-json\/wp\/v2\/posts\/208748\/revisions"}],"wp:featuredmedia":[{"embeddable":true,"href":"https:\/\/www.messinaoggi.it\/website\/wp-json\/wp\/v2\/media\/208749"}],"wp:attachment":[{"href":"https:\/\/www.messinaoggi.it\/website\/wp-json\/wp\/v2\/media?parent=208748"}],"wp:term":[{"taxonomy":"category","embeddable":true,"href":"https:\/\/www.messinaoggi.it\/website\/wp-json\/wp\/v2\/categories?post=208748"},{"taxonomy":"post_tag","embeddable":true,"href":"https:\/\/www.messinaoggi.it\/website\/wp-json\/wp\/v2\/tags?post=208748"}],"curies":[{"name":"wp","href":"https:\/\/api.w.org\/{rel}","templated":true}]}}