{"id":20872,"date":"2018-06-20T13:17:51","date_gmt":"2018-06-20T11:17:51","guid":{"rendered":"http:\/\/www.messinaoggi.it\/website\/?p=20872"},"modified":"2018-06-20T13:17:51","modified_gmt":"2018-06-20T11:17:51","slug":"cambiamenti-climatici-messina-e-genova-sono-le-piu-a-rischio-in-italia","status":"publish","type":"post","link":"https:\/\/www.messinaoggi.it\/website\/2018\/06\/20\/cambiamenti-climatici-messina-e-genova-sono-le-piu-a-rischio-in-italia\/","title":{"rendered":"Cambiamenti climatici, Messina e Genova sono le pi\u00f9 a rischio in Italia"},"content":{"rendered":"<p>Dal 2010 ad oggi sono 198 i Comuni italiani colpiti da fenomeni meteorologici legati a cambiamenti climatici con 340 episodi di fenomeni estremi, 64 giorni di blackout elettrici dovuti al maltempo e 64 giorni di stop a metro e treni urbani.<br \/>\nTra le citt\u00e0 pi\u00f9 colpite Roma, con 23 giorni di blackout, seguita da Milano (15), Genova (11), Napoli (9), Torino (5) e Brescia (1).<br \/>\nSono invece 109 i casi di danni a infrastrutture causati da piogge intense, e 157 le persone vittime di maltempo secondo dati Cnr. Sono solo alcuni numeri del dossier Legambiente sugli impatti dei cambiamenti climatici che stanno trasformando l&#8217;Italia.<br \/>\n&#8220;Pi\u00f9 piove e pi\u00f9 emergono problemi, ad esempio di come s&#8217;\u00e8 costruito male nel corso del tempo &#8211; spiega Edoardo Zanchini, vice presidente nazionale Legambiente &#8211; ci sono alcune citt\u00e0, come Genova e\u00a0Messina\u00a0che, per ragioni climatiche e geomorfologiche, sono pi\u00f9 a rischio di altre.<br \/>\nLa mappa del rischio climatico &#8211; termina &#8211; rende evidente la diffusione e la dimensione degli impatti dei fenomeni meteorologici estremi nel territorio italiano, resi ancora pi\u00f9 drammatici da dissesto idrogeologico, scelte urbanistiche sbagliate e abusivismo edilizio&#8221;.<div id=\"div-gpt-ad-Messinaoggi.it-DSK-300x250-corpoart\" style=\"text-align:center;margin:0 auto;\"><\/div><\/p>\n<div id=\"videoincontent\" style=\"clear:both\";><\/div>","protected":false},"excerpt":{"rendered":"<p>Dal 2010 ad oggi sono 198 i Comuni italiani colpiti da fenomeni meteorologici legati a cambiamenti climatici con 340 episodi di fenomeni estremi, 64 giorni di blackout elettrici dovuti al maltempo e 64 giorni di stop a metro e treni urbani. Tra le citt\u00e0 pi\u00f9 colpite Roma, con 23 giorni di blackout, seguita da Milano [&hellip;]<\/p>\n","protected":false},"author":4,"featured_media":1532,"comment_status":"closed","ping_status":"open","sticky":false,"template":"","format":"standard","meta":{"ub_ctt_via":"","_mi_skip_tracking":false},"categories":[6],"tags":[],"featured_image_src":"https:\/\/www.messinaoggi.it\/website\/wp-content\/uploads\/2017\/06\/Pioggia-maltempo-2.jpg","author_info":{"display_name":"redme","author_link":"https:\/\/www.messinaoggi.it\/website\/author\/redme\/"},"digistream_id":0,"digistream":false,"_links":{"self":[{"href":"https:\/\/www.messinaoggi.it\/website\/wp-json\/wp\/v2\/posts\/20872"}],"collection":[{"href":"https:\/\/www.messinaoggi.it\/website\/wp-json\/wp\/v2\/posts"}],"about":[{"href":"https:\/\/www.messinaoggi.it\/website\/wp-json\/wp\/v2\/types\/post"}],"author":[{"embeddable":true,"href":"https:\/\/www.messinaoggi.it\/website\/wp-json\/wp\/v2\/users\/4"}],"replies":[{"embeddable":true,"href":"https:\/\/www.messinaoggi.it\/website\/wp-json\/wp\/v2\/comments?post=20872"}],"version-history":[{"count":0,"href":"https:\/\/www.messinaoggi.it\/website\/wp-json\/wp\/v2\/posts\/20872\/revisions"}],"wp:featuredmedia":[{"embeddable":true,"href":"https:\/\/www.messinaoggi.it\/website\/wp-json\/wp\/v2\/media\/1532"}],"wp:attachment":[{"href":"https:\/\/www.messinaoggi.it\/website\/wp-json\/wp\/v2\/media?parent=20872"}],"wp:term":[{"taxonomy":"category","embeddable":true,"href":"https:\/\/www.messinaoggi.it\/website\/wp-json\/wp\/v2\/categories?post=20872"},{"taxonomy":"post_tag","embeddable":true,"href":"https:\/\/www.messinaoggi.it\/website\/wp-json\/wp\/v2\/tags?post=20872"}],"curies":[{"name":"wp","href":"https:\/\/api.w.org\/{rel}","templated":true}]}}