{"id":208685,"date":"2024-08-22T11:21:13","date_gmt":"2024-08-22T09:21:13","guid":{"rendered":"http:\/\/www.messinaoggi.it\/website\/?p=208685"},"modified":"2024-08-22T11:21:14","modified_gmt":"2024-08-22T09:21:14","slug":"studenti-fuorisede-udu-e-sunia-lancio-allarme-su-caro-affitti","status":"publish","type":"post","link":"https:\/\/www.messinaoggi.it\/website\/2024\/08\/22\/studenti-fuorisede-udu-e-sunia-lancio-allarme-su-caro-affitti\/","title":{"rendered":"Studenti fuorisede: Udu e Sunia lancio allarme su caro affitti"},"content":{"rendered":"\n<p>L\u2019ultimo rapporto di I<strong><a href=\"http:\/\/mmobiliare.it\/\" target=\"_blank\" rel=\"noreferrer noopener\">mmobiliare.it<\/a><\/strong> Insights evidenzia l\u2019emergenza caro affitti per gli studenti universitari, condizione gi\u00e0 denunciata dall\u2019UDU negli ultimi anni.<br>Alla condizione gi\u00e0 critica degli affitti in Italia, quest\u2019anno si aggiunge un aumento del +<strong>7% sui costi delle camere<\/strong>: colpa di una domanda fuori controllo e della mancanza di politiche abitative pubbliche.<div id=\"div-gpt-ad-Messinaoggi.it-DSK-300x250-corpoart\" style=\"text-align:center;margin:0 auto;\"><\/div><\/p>\n\n\n\n<p><em>\u201cStudiare e abitare nella stessa citt\u00e0 sta diventando un lusso solo per chi pu\u00f2 permetterselo\u201d<\/em>. Questo &#8211; <strong>spiega Emanuele Carlo, dell\u2019UDU Messina <\/strong>&#8211; <em>\u201c\u00e8 un problema che ci troviamo a sollevare periodicamente, chiedendo al governo investimenti, regolamentazione e interventi mirati.<\/em><em><br><\/em><em>Ma il Ministro Salvini continua a voltare le spalle agli studenti, non alzando un dito neanche sugli interventi fiscali ma anzi facendo soltanto condoni\u201d.<\/em><br><div id=\"videoincontent\" style=\"clear:both\";><\/div><\/p>\n\n\n\n<p>La crescita dei prezzi colpisce quasi tutte le citt\u00e0, in modo particolare i grandi centri come Milano, Roma o Bologna, ma non \u00e8 da ignorare la condizione delle piccole e medie citt\u00e0 universitarie; nella citt\u00e0 di Messina, nel 2023 si \u00e8 registrato un aumento dei prezzi pari al 15% rispetto all\u2019anno procedente, che quest\u2019anno ha visto una lieve flessione del 3%, motivato da una <strong>domanda che cresce esponenzialmente, con un + 57%.<\/strong><br>Questo anche a causa della grave carenza di posti letto nelle residenze pubbliche, che costringono studentesse e studenti a ricercare soluzioni nel mercato privato.<br>A Messina il costo medio per una stanza singola risulta essere di <strong>265 euro. <\/strong><\/p>\n\n\n\n<p>Numeri che UDU e SUNIA continuano a monitorare, nell\u2019interesse degli studenti e delle famiglie.<\/p>\n","protected":false},"excerpt":{"rendered":"<p>L\u2019ultimo rapporto di Immobiliare.it Insights evidenzia l\u2019emergenza caro affitti per gli studenti universitari, condizione gi\u00e0 denunciata dall\u2019UDU negli ultimi anni.Alla condizione gi\u00e0 critica degli affitti in Italia, quest\u2019anno si aggiunge un aumento del +7% sui costi delle camere: colpa di una domanda fuori controllo e della mancanza di politiche abitative pubbliche. \u201cStudiare e abitare nella [&hellip;]<\/p>\n","protected":false},"author":2,"featured_media":208686,"comment_status":"open","ping_status":"open","sticky":false,"template":"","format":"standard","meta":{"ub_ctt_via":"","_mi_skip_tracking":false},"categories":[5,11],"tags":[8536,8764,10366],"featured_image_src":"https:\/\/www.messinaoggi.it\/website\/wp-content\/uploads\/2024\/08\/320606-001.jpg","author_info":{"display_name":"Redazione","author_link":"https:\/\/www.messinaoggi.it\/website\/author\/redazione\/"},"digistream_id":0,"digistream":false,"_links":{"self":[{"href":"https:\/\/www.messinaoggi.it\/website\/wp-json\/wp\/v2\/posts\/208685"}],"collection":[{"href":"https:\/\/www.messinaoggi.it\/website\/wp-json\/wp\/v2\/posts"}],"about":[{"href":"https:\/\/www.messinaoggi.it\/website\/wp-json\/wp\/v2\/types\/post"}],"author":[{"embeddable":true,"href":"https:\/\/www.messinaoggi.it\/website\/wp-json\/wp\/v2\/users\/2"}],"replies":[{"embeddable":true,"href":"https:\/\/www.messinaoggi.it\/website\/wp-json\/wp\/v2\/comments?post=208685"}],"version-history":[{"count":1,"href":"https:\/\/www.messinaoggi.it\/website\/wp-json\/wp\/v2\/posts\/208685\/revisions"}],"predecessor-version":[{"id":208687,"href":"https:\/\/www.messinaoggi.it\/website\/wp-json\/wp\/v2\/posts\/208685\/revisions\/208687"}],"wp:featuredmedia":[{"embeddable":true,"href":"https:\/\/www.messinaoggi.it\/website\/wp-json\/wp\/v2\/media\/208686"}],"wp:attachment":[{"href":"https:\/\/www.messinaoggi.it\/website\/wp-json\/wp\/v2\/media?parent=208685"}],"wp:term":[{"taxonomy":"category","embeddable":true,"href":"https:\/\/www.messinaoggi.it\/website\/wp-json\/wp\/v2\/categories?post=208685"},{"taxonomy":"post_tag","embeddable":true,"href":"https:\/\/www.messinaoggi.it\/website\/wp-json\/wp\/v2\/tags?post=208685"}],"curies":[{"name":"wp","href":"https:\/\/api.w.org\/{rel}","templated":true}]}}