{"id":208680,"date":"2024-08-22T11:15:46","date_gmt":"2024-08-22T09:15:46","guid":{"rendered":"http:\/\/www.messinaoggi.it\/website\/?p=208680"},"modified":"2024-08-22T11:15:47","modified_gmt":"2024-08-22T09:15:47","slug":"parcheggio-zaera-nuova-vandalizzazione","status":"publish","type":"post","link":"https:\/\/www.messinaoggi.it\/website\/2024\/08\/22\/parcheggio-zaera-nuova-vandalizzazione\/","title":{"rendered":"Parcheggio Zaera, nuova vandalizzazione"},"content":{"rendered":"\n<p>Un nuovo atto vandalico \u00e8 stato messo a segno nella notte al parcheggio Zaera. Ignoti si sono introdotti all\u2019interno dei bagni presenti nella struttura che sorge in prossimit\u00e0 del viale Europa e hanno danneggiato il tubo di scarico dei lavandini, lasciando scorrere l\u2019acqua dai rubinetti e causando l\u2019allagamento dei locali. <div id=\"div-gpt-ad-Messinaoggi.it-DSK-300x250-corpoart\" style=\"text-align:center;margin:0 auto;\"><\/div><\/p>\n\n\n\n<p>A segnalare questa mattina l\u2019accaduto \u00e8 stata la ditta di guardiania che lavora per conto di Atm spa.L\u2019Azienda Traporti di Messina \u00e8 stata costretta a chiudere momentaneamente i servizi igienici, che resteranno inaccessibili fino a quando non sar\u00e0 ripristinata una situazione di normalit\u00e0.<div id=\"videoincontent\" style=\"clear:both\";><\/div><\/p>\n\n\n\n<p>\u201c<em>Purtroppo<\/em>\u00a0\u2013 commenta il management di Atm spa\u00a0<em>&#8211; ci troviamo a gestire l\u2019ennesimo atto vandalico ai danni di un bene comune. I nostri tecnici sono al lavoro per riparare il danno e riaprire nel pi\u00f9 breve tempo possibile i bagni destinati all\u2019utenza<\/em>\u00a0\u201d.\u201c<em>Contestualmente<\/em>\u00a0&#8211; spiegano i vertici dell\u2019Azienda Trasporti &#8211;\u00a0<em>stiamo cercando di individuare il responsabile o i responsabili del vile gesto attraverso il sistema di videosorveglianza installato all\u2019interno del parcheggio Zaera<\/em>\u201d.<\/p>\n","protected":false},"excerpt":{"rendered":"<p>Un nuovo atto vandalico \u00e8 stato messo a segno nella notte al parcheggio Zaera. Ignoti si sono introdotti all\u2019interno dei bagni presenti nella struttura che sorge in prossimit\u00e0 del viale Europa e hanno danneggiato il tubo di scarico dei lavandini, lasciando scorrere l\u2019acqua dai rubinetti e causando l\u2019allagamento dei locali. A segnalare questa mattina l\u2019accaduto [&hellip;]<\/p>\n","protected":false},"author":2,"featured_media":208681,"comment_status":"open","ping_status":"open","sticky":false,"template":"","format":"standard","meta":{"ub_ctt_via":"","_mi_skip_tracking":false},"categories":[19],"tags":[1004,32,10364],"featured_image_src":"https:\/\/www.messinaoggi.it\/website\/wp-content\/uploads\/2024\/08\/BAGNI-ALLAGATI-PARCHEGGIO-ZAERA.jpg","author_info":{"display_name":"Redazione","author_link":"https:\/\/www.messinaoggi.it\/website\/author\/redazione\/"},"digistream_id":0,"digistream":false,"_links":{"self":[{"href":"https:\/\/www.messinaoggi.it\/website\/wp-json\/wp\/v2\/posts\/208680"}],"collection":[{"href":"https:\/\/www.messinaoggi.it\/website\/wp-json\/wp\/v2\/posts"}],"about":[{"href":"https:\/\/www.messinaoggi.it\/website\/wp-json\/wp\/v2\/types\/post"}],"author":[{"embeddable":true,"href":"https:\/\/www.messinaoggi.it\/website\/wp-json\/wp\/v2\/users\/2"}],"replies":[{"embeddable":true,"href":"https:\/\/www.messinaoggi.it\/website\/wp-json\/wp\/v2\/comments?post=208680"}],"version-history":[{"count":1,"href":"https:\/\/www.messinaoggi.it\/website\/wp-json\/wp\/v2\/posts\/208680\/revisions"}],"predecessor-version":[{"id":208682,"href":"https:\/\/www.messinaoggi.it\/website\/wp-json\/wp\/v2\/posts\/208680\/revisions\/208682"}],"wp:featuredmedia":[{"embeddable":true,"href":"https:\/\/www.messinaoggi.it\/website\/wp-json\/wp\/v2\/media\/208681"}],"wp:attachment":[{"href":"https:\/\/www.messinaoggi.it\/website\/wp-json\/wp\/v2\/media?parent=208680"}],"wp:term":[{"taxonomy":"category","embeddable":true,"href":"https:\/\/www.messinaoggi.it\/website\/wp-json\/wp\/v2\/categories?post=208680"},{"taxonomy":"post_tag","embeddable":true,"href":"https:\/\/www.messinaoggi.it\/website\/wp-json\/wp\/v2\/tags?post=208680"}],"curies":[{"name":"wp","href":"https:\/\/api.w.org\/{rel}","templated":true}]}}