{"id":20866,"date":"2018-06-19T22:48:25","date_gmt":"2018-06-19T20:48:25","guid":{"rendered":"http:\/\/www.messinaoggi.it\/website\/?p=20866"},"modified":"2018-06-19T22:48:25","modified_gmt":"2018-06-19T20:48:25","slug":"viale-giostra-al-buio-si-lamentano-i-residenti","status":"publish","type":"post","link":"https:\/\/www.messinaoggi.it\/website\/2018\/06\/19\/viale-giostra-al-buio-si-lamentano-i-residenti\/","title":{"rendered":"Viale Giostra al buio, si lamentano i residenti"},"content":{"rendered":"<p>Da due giorni sul viale Giostra \u00e8 buio pesto. A segnalarlo sono gli abitanti della zona che lamentano la mancanza della pubblica illuminazione.<br \/>\nSaro Buscemi lancia l&#8217;allarme: <em>&#8220;Non \u00e8 possibile che un&#8217;arteria cos\u00ec importante possa essere lasciata al buio. I pericoli per anziani e bambini sono notevoli. Attraversare la strada \u00e8 come rischiare di venire investiti dalle automobili che sfrecciano a velocit\u00e0 sostenuta. Non capisco perch\u00e9 la zona sia completamente al buio. E&#8217; evidente che ci sia un problema tecnico, ma dopo due giorni non \u00e8 consentito che il personale preposto per questo tipo di interventi non abbia fatto nulla. Siamo veramente preoccupati perch\u00e9 le insidie sono notevoli. Che intervenga qualcuno prima che scappi il morto<\/em>&#8220;. Conclude il residente della zona.<div id=\"div-gpt-ad-Messinaoggi.it-DSK-300x250-corpoart\" style=\"text-align:center;margin:0 auto;\"><\/div><\/p>\n<div id=\"videoincontent\" style=\"clear:both\";><\/div>","protected":false},"excerpt":{"rendered":"<p>Da due giorni sul viale Giostra \u00e8 buio pesto. A segnalarlo sono gli abitanti della zona che lamentano la mancanza della pubblica illuminazione. Saro Buscemi lancia l&#8217;allarme: &#8220;Non \u00e8 possibile che un&#8217;arteria cos\u00ec importante possa essere lasciata al buio. I pericoli per anziani e bambini sono notevoli. Attraversare la strada \u00e8 come rischiare di venire [&hellip;]<\/p>\n","protected":false},"author":2,"featured_media":5159,"comment_status":"closed","ping_status":"open","sticky":false,"template":"","format":"standard","meta":{"ub_ctt_via":"","_mi_skip_tracking":false},"categories":[5],"tags":[],"featured_image_src":"https:\/\/www.messinaoggi.it\/website\/wp-content\/uploads\/2017\/07\/viale-giostra-lampioni-coperti-da-alberi-messinaoggiMR-2.jpg","author_info":{"display_name":"Redazione","author_link":"https:\/\/www.messinaoggi.it\/website\/author\/redazione\/"},"digistream_id":0,"digistream":false,"_links":{"self":[{"href":"https:\/\/www.messinaoggi.it\/website\/wp-json\/wp\/v2\/posts\/20866"}],"collection":[{"href":"https:\/\/www.messinaoggi.it\/website\/wp-json\/wp\/v2\/posts"}],"about":[{"href":"https:\/\/www.messinaoggi.it\/website\/wp-json\/wp\/v2\/types\/post"}],"author":[{"embeddable":true,"href":"https:\/\/www.messinaoggi.it\/website\/wp-json\/wp\/v2\/users\/2"}],"replies":[{"embeddable":true,"href":"https:\/\/www.messinaoggi.it\/website\/wp-json\/wp\/v2\/comments?post=20866"}],"version-history":[{"count":0,"href":"https:\/\/www.messinaoggi.it\/website\/wp-json\/wp\/v2\/posts\/20866\/revisions"}],"wp:featuredmedia":[{"embeddable":true,"href":"https:\/\/www.messinaoggi.it\/website\/wp-json\/wp\/v2\/media\/5159"}],"wp:attachment":[{"href":"https:\/\/www.messinaoggi.it\/website\/wp-json\/wp\/v2\/media?parent=20866"}],"wp:term":[{"taxonomy":"category","embeddable":true,"href":"https:\/\/www.messinaoggi.it\/website\/wp-json\/wp\/v2\/categories?post=20866"},{"taxonomy":"post_tag","embeddable":true,"href":"https:\/\/www.messinaoggi.it\/website\/wp-json\/wp\/v2\/tags?post=20866"}],"curies":[{"name":"wp","href":"https:\/\/api.w.org\/{rel}","templated":true}]}}