{"id":20865,"date":"2018-06-20T00:01:03","date_gmt":"2018-06-19T22:01:03","guid":{"rendered":"http:\/\/www.messinaoggi.it\/website\/?p=20865"},"modified":"2018-06-20T00:01:03","modified_gmt":"2018-06-19T22:01:03","slug":"de-luca-impediro-che-le-lobbies-mettano-le-mani-sulla-sanita-a-messina-no-a-fusione-papardo-irccs","status":"publish","type":"post","link":"https:\/\/www.messinaoggi.it\/website\/2018\/06\/20\/de-luca-impediro-che-le-lobbies-mettano-le-mani-sulla-sanita-a-messina-no-a-fusione-papardo-irccs\/","title":{"rendered":"De Luca: \u201cImpedir\u00f2 che le lobbies mettano le mani sulla Sanit\u00e0 a Messina. No a fusione Papardo-Irccs\u201d"},"content":{"rendered":"<p style=\"text-align: justify;\"><strong>Se eletto lei sar\u00e0 la massina autorit\u00e0 sanitaria cittadina, come intende esercitare questo ruolo?<\/strong><div id=\"div-gpt-ad-Messinaoggi.it-DSK-300x250-corpoart\" style=\"text-align:center;margin:0 auto;\"><\/div><\/p>\n<p style=\"text-align: justify;\"><em>\u201cIntanto, si deve evitare di concentrare il potere nelle mani di pochi. Con Bramanti, non facciamo giri di parole, si consegnerebbe la Sanit\u00e0 messinese ai soliti noti. Con l\u2019appoggio dell\u2019assessore Razza, il quale ha manifestato pubblicamente la sua vicinanza a Bramanti. Per rispondere alla sua domanda, difender\u00f2 la Sanit\u00e0 cittadina dagli scippi che intravedo all\u2019orizzonte con la nuova Rete ospedaliera. Messina non pu\u00f2 subire ulteriori scippi a vantaggio di Catania. Impedir\u00f2 che venga cancellato un solo posto letto\u201d.<\/em><div id=\"videoincontent\" style=\"clear:both\";><\/div><\/p>\n<p style=\"text-align: justify;\"><strong>Il Ddl sulla fusione del Papardo con l\u2019Irccs ha agitato le acque della Sanit\u00e0 messinese. Lei cosa ne pensa?<\/strong><\/p>\n<p style=\"text-align: justify;\">\u201c<em>Che \u00e8 un disegno scellerato. Chi l\u2019ha proposto non ha contemplato quali potrebbero essere le conseguenze per il Papardo. Il decreto Balduzzi, la cui applicazione dovr\u00e0 avvenire entro la fine dell\u2019anno, prevede la soppressione delle Unit\u00e0 operative complesse duplicate. Ci\u00f2 significa che Papardo e Irccs subirebbero inevitabili tagli delle Uoc, trattandosi della medesima azienda&#8221;.<\/em><\/p>\n<p style=\"text-align: justify;\"><strong>Il personale del Papardo \u00e8 fortemente preoccupato. I sindacati hanno lanciato l\u2019allarme\u2026<\/strong><\/p>\n<p style=\"text-align: justify;\"><em>\u201cComprendo l\u2019allarme dei dipendenti del Papardo perch\u00e9 la fusione determinerebbe un elevato numero di esuberi. Temo che molti professionisti possano finire in altri ospedali della provincia. Potrebbero essere trasferiti anche a Mistretta. S&#8217;immagina quali disagi determinerebbe per le famiglie\u201d.<\/em><\/p>\n<p style=\"text-align: justify;\"><strong>E che far\u00e0 per impedire che ci\u00f2 che avvenga?<\/strong><\/p>\n<p style=\"text-align: justify;\">\u201c<em>Mi opporr\u00f2. Far\u00f2 le barricate contro chi intende portare avanti questo progetto che reputo pericoloso. Comprendo e condivido la posizione dei sindacati che si sono detti contrari alla fusione. Secondo me il Papardo non va accorpato all\u2019Irccs ma va potenziato\u201d.<\/em><\/p>\n<p style=\"text-align: justify;\"><strong>L\u2019assessore Razza ha annunciato che entro fine giugno presenter\u00e0 la nuova Rete ospedaliera\u2026<\/strong><\/p>\n<p style=\"text-align: justify;\"><em>\u201cNon prima d\u2019averla sottoposta all\u2019attenzione del nuovo sindaco di Messina. Su questo argomento non arretro di un passo. La Sanit\u00e0 messinese va difesa al cospetto del maldestro tentativo della giunta Regionale di favorire quella catanese. Messina non dovr\u00e0 cedere un solo posto letto\u201d.<\/em><\/p>\n<p style=\"text-align: justify;\"><strong>La sua battaglia sar\u00e0 anche per il Policlinico?<\/strong><\/p>\n<p style=\"text-align: justify;\"><em>\u201cCertamente, ma anche per l\u2019Irccs e il Piemonte. La Sanit\u00e0 messinese non pu\u00f2 essere penalizzata a vantaggio di altre realt\u00e0. Il Policlinico dovr\u00e0 mantenere le sue peculiarit\u00e0 e nessuno tocchi la \u2018Stroke Unit\u2019 perch\u00e9 si tratta di un centro di assoluta eccellenza\u201d.<\/em><\/p>\n","protected":false},"excerpt":{"rendered":"<p>Se eletto lei sar\u00e0 la massina autorit\u00e0 sanitaria cittadina, come intende esercitare questo ruolo? \u201cIntanto, si deve evitare di concentrare il potere nelle mani di pochi. Con Bramanti, non facciamo giri di parole, si consegnerebbe la Sanit\u00e0 messinese ai soliti noti. Con l\u2019appoggio dell\u2019assessore Razza, il quale ha manifestato pubblicamente la sua vicinanza a Bramanti. [&hellip;]<\/p>\n","protected":false},"author":2,"featured_media":17030,"comment_status":"closed","ping_status":"open","sticky":false,"template":"","format":"standard","meta":{"ub_ctt_via":"","_mi_skip_tracking":false},"categories":[19],"tags":[],"featured_image_src":"https:\/\/www.messinaoggi.it\/website\/wp-content\/uploads\/2018\/03\/Cateno-De-Luca-a-Messina-10-696x461-2.jpg","author_info":{"display_name":"Redazione","author_link":"https:\/\/www.messinaoggi.it\/website\/author\/redazione\/"},"digistream_id":0,"digistream":false,"_links":{"self":[{"href":"https:\/\/www.messinaoggi.it\/website\/wp-json\/wp\/v2\/posts\/20865"}],"collection":[{"href":"https:\/\/www.messinaoggi.it\/website\/wp-json\/wp\/v2\/posts"}],"about":[{"href":"https:\/\/www.messinaoggi.it\/website\/wp-json\/wp\/v2\/types\/post"}],"author":[{"embeddable":true,"href":"https:\/\/www.messinaoggi.it\/website\/wp-json\/wp\/v2\/users\/2"}],"replies":[{"embeddable":true,"href":"https:\/\/www.messinaoggi.it\/website\/wp-json\/wp\/v2\/comments?post=20865"}],"version-history":[{"count":0,"href":"https:\/\/www.messinaoggi.it\/website\/wp-json\/wp\/v2\/posts\/20865\/revisions"}],"wp:featuredmedia":[{"embeddable":true,"href":"https:\/\/www.messinaoggi.it\/website\/wp-json\/wp\/v2\/media\/17030"}],"wp:attachment":[{"href":"https:\/\/www.messinaoggi.it\/website\/wp-json\/wp\/v2\/media?parent=20865"}],"wp:term":[{"taxonomy":"category","embeddable":true,"href":"https:\/\/www.messinaoggi.it\/website\/wp-json\/wp\/v2\/categories?post=20865"},{"taxonomy":"post_tag","embeddable":true,"href":"https:\/\/www.messinaoggi.it\/website\/wp-json\/wp\/v2\/tags?post=20865"}],"curies":[{"name":"wp","href":"https:\/\/api.w.org\/{rel}","templated":true}]}}