{"id":20823,"date":"2018-06-19T07:50:08","date_gmt":"2018-06-19T05:50:08","guid":{"rendered":"http:\/\/www.messinaoggi.it\/website\/?p=20823"},"modified":"2018-06-19T07:50:08","modified_gmt":"2018-06-19T05:50:08","slug":"maltempo-laimo-denuncia-gravi-problemi-nella-zona-nord","status":"publish","type":"post","link":"https:\/\/www.messinaoggi.it\/website\/2018\/06\/19\/maltempo-laimo-denuncia-gravi-problemi-nella-zona-nord\/","title":{"rendered":"Maltempo, Laimo denuncia gravi problemi nella zona nord"},"content":{"rendered":"<p>Gravi problemi di viabilit\u00e0 dopo il maltempo che ha interessato la citt\u00e0 dello Stretto. A segnalarli \u00e8 il consigliere di circoscrizione Franco Laimo. &#8220;Nella zona nord a ridosso dei torrenti &#8211; denuncia il vice presidente del Consiglio della V Circoscrizione uscente &#8211; diverse famiglie di numerosi complessi residenziali, nelle ore serali e notturne di eri, sono rimaste bloccate non riuscendo ad accedere nelle proprie abitazioni: ad esempio la salita fosse nella zona nord pressi Panoramica dello Stretto, si \u00e8 trasformata in un fiume in piena, dal quale venivano trascinati grossi massi che hanno rischiato di travolgere diverse macchine in transito; cos\u00ec come problemi sulla Circonvallazione, viale Regina Elena e viale della Libert\u00e0 intasato totalmente con gravi danni alle attivit\u00e0 commerciali che si ritrovano sempre a dover fronteggiare tali problemi a causa anche delle pendenze sbagliate che riguardano la linea tranviaria.<br \/>\nLo scenario si \u00e8 presentato nefasto, cumuli di terra e fango che impediscono la regolare circolazione viaria e mettono a repentaglio l&#8217;incolumit\u00e0 pubblica: i problemi sono sempre gli stessi alle prime piogge le griglie di scolo e di reflusso acque sono otturate da sterpaglie e terriccio.<br \/>\nNella notte fra il 16 ed il 17 &#8211; precisa Laimo &#8211; ho temuto per la vita della mia famiglia; eravamo in auto e dal torrente San Michele si \u00e8 riversato in strada un grosso flusso d&#8217;acqua che ha investito la mia auto, senza per fortuna avere gravi conseguenze. Occorre intervenire\u00a0subito al fine di evitare danni ancor pi\u00f9 gravi a persone e o cose&#8221;.<div id=\"div-gpt-ad-Messinaoggi.it-DSK-300x250-corpoart\" style=\"text-align:center;margin:0 auto;\"><\/div><\/p>\n<div id=\"videoincontent\" style=\"clear:both\";><\/div>","protected":false},"excerpt":{"rendered":"<p>Gravi problemi di viabilit\u00e0 dopo il maltempo che ha interessato la citt\u00e0 dello Stretto. A segnalarli \u00e8 il consigliere di circoscrizione Franco Laimo. &#8220;Nella zona nord a ridosso dei torrenti &#8211; denuncia il vice presidente del Consiglio della V Circoscrizione uscente &#8211; diverse famiglie di numerosi complessi residenziali, nelle ore serali e notturne di eri, [&hellip;]<\/p>\n","protected":false},"author":4,"featured_media":14321,"comment_status":"closed","ping_status":"open","sticky":false,"template":"","format":"standard","meta":{"ub_ctt_via":"","_mi_skip_tracking":false},"categories":[5],"tags":[],"featured_image_src":"https:\/\/www.messinaoggi.it\/website\/wp-content\/uploads\/2018\/01\/maltempo-ritiro-strada-infangata-1.jpg","author_info":{"display_name":"redme","author_link":"https:\/\/www.messinaoggi.it\/website\/author\/redme\/"},"digistream_id":0,"digistream":false,"_links":{"self":[{"href":"https:\/\/www.messinaoggi.it\/website\/wp-json\/wp\/v2\/posts\/20823"}],"collection":[{"href":"https:\/\/www.messinaoggi.it\/website\/wp-json\/wp\/v2\/posts"}],"about":[{"href":"https:\/\/www.messinaoggi.it\/website\/wp-json\/wp\/v2\/types\/post"}],"author":[{"embeddable":true,"href":"https:\/\/www.messinaoggi.it\/website\/wp-json\/wp\/v2\/users\/4"}],"replies":[{"embeddable":true,"href":"https:\/\/www.messinaoggi.it\/website\/wp-json\/wp\/v2\/comments?post=20823"}],"version-history":[{"count":0,"href":"https:\/\/www.messinaoggi.it\/website\/wp-json\/wp\/v2\/posts\/20823\/revisions"}],"wp:featuredmedia":[{"embeddable":true,"href":"https:\/\/www.messinaoggi.it\/website\/wp-json\/wp\/v2\/media\/14321"}],"wp:attachment":[{"href":"https:\/\/www.messinaoggi.it\/website\/wp-json\/wp\/v2\/media?parent=20823"}],"wp:term":[{"taxonomy":"category","embeddable":true,"href":"https:\/\/www.messinaoggi.it\/website\/wp-json\/wp\/v2\/categories?post=20823"},{"taxonomy":"post_tag","embeddable":true,"href":"https:\/\/www.messinaoggi.it\/website\/wp-json\/wp\/v2\/tags?post=20823"}],"curies":[{"name":"wp","href":"https:\/\/api.w.org\/{rel}","templated":true}]}}