{"id":20809,"date":"2018-06-18T16:25:51","date_gmt":"2018-06-18T14:25:51","guid":{"rendered":"http:\/\/www.messinaoggi.it\/website\/?p=20809"},"modified":"2018-06-18T16:25:51","modified_gmt":"2018-06-18T14:25:51","slug":"musica-dal-vivo-quando-non-ce-rispetto-nemmeno-per-i-morti","status":"publish","type":"post","link":"https:\/\/www.messinaoggi.it\/website\/2018\/06\/18\/musica-dal-vivo-quando-non-ce-rispetto-nemmeno-per-i-morti\/","title":{"rendered":"Musica dal vivo: quando non c&#039;\u00e8 rispetto nemmeno per i morti"},"content":{"rendered":"<p style=\"text-align: justify;\">Musica dal vivo in un locale di largo Seggiola, nei giorni del lutto per la disgrazia che ha strappato alla vita due bimbi messinesi. Ci\u00f2 che \u00e8 accaduto ieri sera a poche centinaia di metri dal luogo della tragedia \u00e8 davvero inqualificabile. Un fatto vergognoso che si commenta da solo e che ha fatto inbufalire quanti soffrono per la morte dei fratelli Messina.<div id=\"div-gpt-ad-Messinaoggi.it-DSK-300x250-corpoart\" style=\"text-align:center;margin:0 auto;\"><\/div><\/p>\n<p>Il giorno della festa di Sant&#8217;Antonio \u00e8 stato all&#8217;insegna del rispetto per le giovani vittime, la processione s&#8217;\u00e8 svolta in un clima di assoluta mestizia. La citt\u00e0 ha inteso stringersi attorno alla famiglia dilaniata dal dolore per la scomparsa di due vittime innocenti. Ma qualcuno ha pensato bene per colpa del Dio denaro (lo sterco del diavolo), di organizzare una serata con tanto di musica dal vivo.<br \/>\nC&#8217;\u00e8 tanta indignazione, soprattutto, fra i commercianti che hanno stigmatizzato la scelta dell&#8217;imprenditore di fare baldoria nel giorno del dolore.<div id=\"videoincontent\" style=\"clear:both\";><\/div><\/p>\n","protected":false},"excerpt":{"rendered":"<p>Musica dal vivo in un locale di largo Seggiola, nei giorni del lutto per la disgrazia che ha strappato alla vita due bimbi messinesi. Ci\u00f2 che \u00e8 accaduto ieri sera a poche centinaia di metri dal luogo della tragedia \u00e8 davvero inqualificabile. Un fatto vergognoso che si commenta da solo e che ha fatto inbufalire [&hellip;]<\/p>\n","protected":false},"author":2,"featured_media":8857,"comment_status":"closed","ping_status":"open","sticky":false,"template":"","format":"standard","meta":{"ub_ctt_via":"","_mi_skip_tracking":false},"categories":[5],"tags":[],"featured_image_src":"https:\/\/www.messinaoggi.it\/website\/wp-content\/uploads\/2017\/10\/lutto-2.jpg","author_info":{"display_name":"Redazione","author_link":"https:\/\/www.messinaoggi.it\/website\/author\/redazione\/"},"digistream_id":0,"digistream":false,"_links":{"self":[{"href":"https:\/\/www.messinaoggi.it\/website\/wp-json\/wp\/v2\/posts\/20809"}],"collection":[{"href":"https:\/\/www.messinaoggi.it\/website\/wp-json\/wp\/v2\/posts"}],"about":[{"href":"https:\/\/www.messinaoggi.it\/website\/wp-json\/wp\/v2\/types\/post"}],"author":[{"embeddable":true,"href":"https:\/\/www.messinaoggi.it\/website\/wp-json\/wp\/v2\/users\/2"}],"replies":[{"embeddable":true,"href":"https:\/\/www.messinaoggi.it\/website\/wp-json\/wp\/v2\/comments?post=20809"}],"version-history":[{"count":0,"href":"https:\/\/www.messinaoggi.it\/website\/wp-json\/wp\/v2\/posts\/20809\/revisions"}],"wp:featuredmedia":[{"embeddable":true,"href":"https:\/\/www.messinaoggi.it\/website\/wp-json\/wp\/v2\/media\/8857"}],"wp:attachment":[{"href":"https:\/\/www.messinaoggi.it\/website\/wp-json\/wp\/v2\/media?parent=20809"}],"wp:term":[{"taxonomy":"category","embeddable":true,"href":"https:\/\/www.messinaoggi.it\/website\/wp-json\/wp\/v2\/categories?post=20809"},{"taxonomy":"post_tag","embeddable":true,"href":"https:\/\/www.messinaoggi.it\/website\/wp-json\/wp\/v2\/tags?post=20809"}],"curies":[{"name":"wp","href":"https:\/\/api.w.org\/{rel}","templated":true}]}}