{"id":20801,"date":"2018-06-18T15:00:35","date_gmt":"2018-06-18T13:00:35","guid":{"rendered":"http:\/\/www.messinaoggi.it\/website\/?p=20801"},"modified":"2018-06-18T15:00:35","modified_gmt":"2018-06-18T13:00:35","slug":"tragedia-via-dei-mille-domani-lutto-cittadinointerrogazione-di-germana-al-ministro-salvini","status":"publish","type":"post","link":"https:\/\/www.messinaoggi.it\/website\/2018\/06\/18\/tragedia-via-dei-mille-domani-lutto-cittadinointerrogazione-di-germana-al-ministro-salvini\/","title":{"rendered":"Tragedia via dei Mille, interrogazione di German\u00e0 al Ministro Salvini"},"content":{"rendered":"<div class=\"comunicato-testo\">\n<div class=\"pf-content\" style=\"text-align: justify;\">Il sindaco, Renato Accorinti, d\u2019intesa con la Giunta municipale, ha proclamato\u00a0il lutto cittadino e l\u2019esposizione a mezz\u2019asta delle bandiere del Palazzo municipale, degli uffici pubblici e delle scuole cittadine, per la celebrazione dei funerali dei piccoli fratellini Messina, deceduti tragicamente lo scorso venerd\u00ec 15.<\/div>\n<div><\/div>\n<div class=\"pf-content\" style=\"text-align: justify;\">L\u2019ordinanza \u00e8 stata disposta in segno di cordoglio, rispetto e commossa partecipazione dell\u2019Amministrazione comunale e della comunit\u00e0 messinese al profondo dolore dei familiari. Alla celebrazione delle esequie\u00a0sar\u00e0 esposto il Gonfalone della Citt\u00e0. Pertanto i concittadini, i titolari di esercizi commerciali, professionali, artigiani, di servizi pubblici e privati e le organizzazioni politiche e sociali sono invitati a sospendere le attivit\u00e0 in concomitanza con lo svolgimento della cerimonia funebre. Le scuole di ogni ordine e grado potranno partecipare nelle forme ritenute pi\u00f9 opportune.<\/div>\n<\/div>\n<div><\/div>\n<div class=\"dkpdf-button-container\">Proprio sulla tragedia che ha sconvolto la citt\u00e0, il deputato nazionale di Forza Italia, Nino German\u00e0 annuncia un&#8217;interrogazione parlamentare: \u201cNell\u2019unirmi al dolore della meravigliosa famiglia Messina, che ho la fortuna di conoscere personalmente, per la tragica morte dei fratellini Francesco Filippo e Raniero, mi faccio portavoce, da parlamentare, delle tante sollecitazioni che mi sono giunte relativamente alle difficolt\u00e0 riscontrate dai Vigili del Fuoco al momento del soccorso.\u00a0 Lungi da me attribuire responsabilit\u00e0 al Corpo dei VV.FF, orgoglio nazionale, ma stando alle testimonianze la carenza di mezzi e di personale ha comportato una ridotta efficienza nell\u2019arrivo sul posto e difficolt\u00e0 nell\u2019utilizzo di un\u2019autoscala non idonea alla tipologia d\u2019intervento in un centro citt\u00e0 caratterizzato da vie strette. Nel presentare un\u2019interrogazione urgente al ministro dell\u2019Interno, Matteo Salvini, sulla necessit\u00e0 di porre rimedio a queste carenze, sono consapevole che nulla potr\u00e0 lenire il dolore della famiglia ma ritengo che una citt\u00e0 in lutto meriti risposte, anche per scongiurare il ripetersi di simili tragedie\u201d.<\/div>\n<div>\n<p class=\"gmail-MsoNoSpacing\">\n<\/div>\n<div id=\"div-gpt-ad-Messinaoggi.it-DSK-300x250-corpoart\" style=\"text-align:center;margin:0 auto;\"><\/div><\/p><div id=\"videoincontent\" style=\"clear:both\";><\/div>","protected":false},"excerpt":{"rendered":"<p>Il sindaco, Renato Accorinti, d\u2019intesa con la Giunta municipale, ha proclamato\u00a0il lutto cittadino e l\u2019esposizione a mezz\u2019asta delle bandiere del Palazzo municipale, degli uffici pubblici e delle scuole cittadine, per la celebrazione dei funerali dei piccoli fratellini Messina, deceduti tragicamente lo scorso venerd\u00ec 15. L\u2019ordinanza \u00e8 stata disposta in segno di cordoglio, rispetto e commossa [&hellip;]<\/p>\n","protected":false},"author":15,"featured_media":20684,"comment_status":"closed","ping_status":"open","sticky":false,"template":"","format":"standard","meta":{"ub_ctt_via":"","_mi_skip_tracking":false},"categories":[6],"tags":[],"featured_image_src":"https:\/\/www.messinaoggi.it\/website\/wp-content\/uploads\/2018\/06\/incendio-via-dei-mille-1.jpg","author_info":{"display_name":"red.me","author_link":"https:\/\/www.messinaoggi.it\/website\/author\/red-me\/"},"digistream_id":0,"digistream":false,"_links":{"self":[{"href":"https:\/\/www.messinaoggi.it\/website\/wp-json\/wp\/v2\/posts\/20801"}],"collection":[{"href":"https:\/\/www.messinaoggi.it\/website\/wp-json\/wp\/v2\/posts"}],"about":[{"href":"https:\/\/www.messinaoggi.it\/website\/wp-json\/wp\/v2\/types\/post"}],"author":[{"embeddable":true,"href":"https:\/\/www.messinaoggi.it\/website\/wp-json\/wp\/v2\/users\/15"}],"replies":[{"embeddable":true,"href":"https:\/\/www.messinaoggi.it\/website\/wp-json\/wp\/v2\/comments?post=20801"}],"version-history":[{"count":0,"href":"https:\/\/www.messinaoggi.it\/website\/wp-json\/wp\/v2\/posts\/20801\/revisions"}],"wp:featuredmedia":[{"embeddable":true,"href":"https:\/\/www.messinaoggi.it\/website\/wp-json\/wp\/v2\/media\/20684"}],"wp:attachment":[{"href":"https:\/\/www.messinaoggi.it\/website\/wp-json\/wp\/v2\/media?parent=20801"}],"wp:term":[{"taxonomy":"category","embeddable":true,"href":"https:\/\/www.messinaoggi.it\/website\/wp-json\/wp\/v2\/categories?post=20801"},{"taxonomy":"post_tag","embeddable":true,"href":"https:\/\/www.messinaoggi.it\/website\/wp-json\/wp\/v2\/tags?post=20801"}],"curies":[{"name":"wp","href":"https:\/\/api.w.org\/{rel}","templated":true}]}}