{"id":207880,"date":"2024-08-11T13:04:12","date_gmt":"2024-08-11T11:04:12","guid":{"rendered":"http:\/\/www.messinaoggi.it\/website\/?p=207880"},"modified":"2024-08-11T13:04:14","modified_gmt":"2024-08-11T11:04:14","slug":"trasporto-studenti-disabili-gare-deserte-uil-accusa-il-sindaco","status":"publish","type":"post","link":"https:\/\/www.messinaoggi.it\/website\/2024\/08\/11\/trasporto-studenti-disabili-gare-deserte-uil-accusa-il-sindaco\/","title":{"rendered":"Trasporto studenti disabili, gare deserte: Uil accusa il sindaco"},"content":{"rendered":"\n<p><strong>Uil e Uil Fpl di Messina<\/strong> intervengono sulla gara d&#8217;appalto per l\u2019assegnazione del servizio di trasporto per studenti disabili delle scuole superiori residenti nella provincia, che non ha visto alcuna offerta presentata dalle aziende che operano nel settore. Uil rimprovera anche il sindaco di Messina <strong>Federico Basile<\/strong>, accusato di essere rimasto silente e di non aver ascoltato le preoccupazioni del sindacato. <div id=\"div-gpt-ad-Messinaoggi.it-DSK-300x250-corpoart\" style=\"text-align:center;margin:0 auto;\"><\/div><\/p>\n\n\n\n<p>\u201cAncora una volta, i reiterati allarmi paventati dalla Uil e dalla Uil Fpl di Messina sul dirimente tema dei servizi sociali trovano, purtroppo, ampissima conferma. Abbiamo, infatti, appreso che la gara d\u2019appalto per l\u2019assegnazione del servizio di trasporto per studenti disabili delle scuole superiori residenti nel territorio metropolitano \u00e8 andata deserta poich\u00e9 nessuna offerta \u00e8 stata presentata. Una pessima notizia che, a poche settimane dall\u2019inizio dell\u2019anno scolastico, sta gettando nello sconforto e nella preoccupazione i tantissimi lavoratori impegnati in questo fondamentale servizio e le numerose famiglie che usufruiscono dello stesso. In tal senso, \u00e8 opportuno ricordare che sulla vicenda, gi\u00e0 nel mese di aprile e, successivamente, nel mese di maggio, avevamo formalmente investito il sindaco della Citt\u00e0 Metropolitana di Messina Federico Basile riguardo i pesanti rischi che correva questa fondamentale attivit\u00e0. Infatti, con due distinte missive, inviate via pec, evidenziammo le criticit\u00e0 in merito alle prospettive del servizio e chiedemmo l\u2019assunzione di precisi impegni da parte del sindaco Basile attraverso la ricerca di soluzioni ponderate e finalizzate a risolvere una problematica che coinvolge i lavoratori e i familiari dei soggetti fragili e vulnerabili che non possono assolutamente rinunciare al servizio del trasporto scolastico. Purtroppo, le nostre puntuali proposte e sollecitazioni non hanno avuto alcun riscontro e sono rimaste totalmente inascoltate con le gravissime conseguenze che si annidano dietro le gravi notizie odierne. Infatti, il silenzio del sindaco riecheggia in maniera assordante. Al sindaco della citt\u00e0 metropolitana, anche nella veste di interlocutore istituzionale delle cooperative Genesi e Aldia che, fino alla chiusura dell\u2019anno scolastico, hanno gestito i servizi in questione, abbiamo pi\u00f9 volte rappresentato diverse incongruenze che hanno rasentato l\u2019irresponsabilit\u00e0, vale a dire: 1) la paventata sostituzione del personale Osa della cooperativa Aldia che ha effettuato assistenza igienico \u2013 sanitaria, attraverso l\u2019utilizzo di lavoratori che attualmente svolgono la mansione di collaboratore scolastico\/personale Ata, in organico presso gli Istituti scolastici la cui competenza \u00e8 della Citt\u00e0 Metropolitana di Messina. Una scelta assurda e sbagliata in quanto comporterebbe l\u2019inaccettabile perdita degli attuali livelli occupazionali del personale del Terzo Settore); 2) l\u2019utilizzo di contratti ciclici, la cui durata si interrompe durante la pausa estiva coincidente con la chiusura dell\u2019anno scolastico: la conseguente sospensione del rapporto di lavoro per il personale delle cooperative Genesi e Aldia comporta la totale assenza di alcun reddito per tutto il personale addetto a questa tipologia di assistenza che, durante i mesi di inattivit\u00e0\/sospensione, non percepisce neanche un centesimo, n\u00e9, tantomeno, gli viene riconosciuto il trattamento della Naspi; 3) gli enormi disagi per i familiari dei soggetti fragili e, in primo luogo, per gli stessi minori che rischiano di subire un disorientamento in considerazione della mancata continuit\u00e0 della routine giornaliera in quanto sono privati della importante spinta emozionale (comunicazione e interazione nel gruppo)\u201d lo hanno dichiarato Ivan Tripodi, segretario generale Uil Messina, e Livio Andronico, segretario generale Uil Fpl Messina.  \u201cPertanto, nonostante i molteplici fondati allarmi lanciati da Uil e Uil Fpl, oggi rimaniamo attoniti ed esterrefatti: \u00e8 inammissibile che una procedura di gara di tale importanza possa essere andata deserta poich\u00e9 vi sono evidenti responsabilit\u00e0 politico-amministrative. La cruda realt\u00e0 ci dice che il nostro territorio rischia di perdere un servizio fondamentale con le nefaste conseguenze in termini sociali ed occupazionali. E\u2019 del tutto ovvio che questa macelleria sociale non la permetteremo. Pertanto, vista l\u2019imminente riapertura delle scuole ed in considerazione delle istanze dei genitori dei soggetti fragili, riteniamo necessario procedere all\u2019indizione di una procedura negoziata (ex art. 57, d.lgs. n. 163\/2006) al fine di non interrompere il servizio pubblico in questione, prevedendo la proroga per i tempi utili e necessari alle soluzioni definitive e valutando attentamente i comprovati e fondamentali requisiti sostanziali. Bisogna correre e fare in fretta sapendo che non \u00e8 assolutamente pensabile che si possano abbassare i livelli occupazionali: non consentiremo che si perda neanche un posto di lavoro. Comunichiamo, pertanto, che, a stretto giro, convocheremo un\u2019assemblea di tutto il personale del servizio di trasporto dei disabili alla quale sar\u00e0 invitata una rappresentanza dei familiari dei soggetti fragili per decidere le modalit\u00e0 della mobilitazione sulla gravissima vertenza. In tal senso, reiteriamo la richiesta di un urgente incontro al sindaco Basile che su questa scottante e delicata vicenda non pu\u00f2 nascondersi e far finta di nulla, ma deve dare risposte rapide ed esaustive\u201d hanno cos\u00ec concluso <strong>Ivan Tripodi <\/strong>e<strong> Livio Andronico. <\/strong><div id=\"videoincontent\" style=\"clear:both\";><\/div><\/p>\n","protected":false},"excerpt":{"rendered":"<p>Uil e Uil Fpl di Messina intervengono sulla gara d&#8217;appalto per l\u2019assegnazione del servizio di trasporto per studenti disabili delle scuole superiori residenti nella provincia, che non ha visto alcuna offerta presentata dalle aziende che operano nel settore. Uil rimprovera anche il sindaco di Messina Federico Basile, accusato di essere rimasto silente e di non [&hellip;]<\/p>\n","protected":false},"author":15,"featured_media":25641,"comment_status":"open","ping_status":"open","sticky":false,"template":"","format":"standard","meta":{"ub_ctt_via":"","_mi_skip_tracking":false},"categories":[6],"tags":[2972,10323,1145,10322,1338,115],"featured_image_src":"https:\/\/www.messinaoggi.it\/website\/wp-content\/uploads\/2018\/10\/mezzo-trasporto-disabili-con-posto-carrozzina-messinaoggiMarcyRuggi.jpg","author_info":{"display_name":"red.me","author_link":"https:\/\/www.messinaoggi.it\/website\/author\/red-me\/"},"digistream_id":0,"digistream":false,"_links":{"self":[{"href":"https:\/\/www.messinaoggi.it\/website\/wp-json\/wp\/v2\/posts\/207880"}],"collection":[{"href":"https:\/\/www.messinaoggi.it\/website\/wp-json\/wp\/v2\/posts"}],"about":[{"href":"https:\/\/www.messinaoggi.it\/website\/wp-json\/wp\/v2\/types\/post"}],"author":[{"embeddable":true,"href":"https:\/\/www.messinaoggi.it\/website\/wp-json\/wp\/v2\/users\/15"}],"replies":[{"embeddable":true,"href":"https:\/\/www.messinaoggi.it\/website\/wp-json\/wp\/v2\/comments?post=207880"}],"version-history":[{"count":4,"href":"https:\/\/www.messinaoggi.it\/website\/wp-json\/wp\/v2\/posts\/207880\/revisions"}],"predecessor-version":[{"id":207884,"href":"https:\/\/www.messinaoggi.it\/website\/wp-json\/wp\/v2\/posts\/207880\/revisions\/207884"}],"wp:featuredmedia":[{"embeddable":true,"href":"https:\/\/www.messinaoggi.it\/website\/wp-json\/wp\/v2\/media\/25641"}],"wp:attachment":[{"href":"https:\/\/www.messinaoggi.it\/website\/wp-json\/wp\/v2\/media?parent=207880"}],"wp:term":[{"taxonomy":"category","embeddable":true,"href":"https:\/\/www.messinaoggi.it\/website\/wp-json\/wp\/v2\/categories?post=207880"},{"taxonomy":"post_tag","embeddable":true,"href":"https:\/\/www.messinaoggi.it\/website\/wp-json\/wp\/v2\/tags?post=207880"}],"curies":[{"name":"wp","href":"https:\/\/api.w.org\/{rel}","templated":true}]}}