{"id":20775,"date":"2018-06-18T08:50:23","date_gmt":"2018-06-18T06:50:23","guid":{"rendered":"http:\/\/www.messinaoggi.it\/website\/?p=20775"},"modified":"2018-06-18T08:50:23","modified_gmt":"2018-06-18T06:50:23","slug":"ballottaggio-lombardo-sicilia-vera-de-luca-ha-nel-programma-punti-degli-altri-candidati","status":"publish","type":"post","link":"https:\/\/www.messinaoggi.it\/website\/2018\/06\/18\/ballottaggio-lombardo-sicilia-vera-de-luca-ha-nel-programma-punti-degli-altri-candidati\/","title":{"rendered":"Ballottaggio, Lombardo (Sicilia Vera): &quot;De Luca ha nel programma punti degli altri candidati&quot;"},"content":{"rendered":"<p style=\"text-align: justify;\">Siamo entrati nella settimana decisiva, l\u2019ultima di campagna elettorale. Domenica si svolger\u00e0 il ballottaggio che decreter\u00e0 chi tra Dino Bramanti e Cateno De Luca sar\u00e0 il nuovo sindaco di Messina. I due non potranno contare sull\u2019apporto, almeno ufficiale, di nessuna lista che ha superato il 7%, visto che non \u00e8 stato ufficializzato alcun apparentamento. Ufficiali anche i nomi degli ultimi tre assessori dell\u2019eventuali Giunta Bramanti, nomine che non hanno convinto il presidente di Sicilia Vera, Giuseppe Lombardo: \u201cMentre il prof Bramanti designava e depositava oggi al Comune i nomi dei suoi tre nuovi assessori, Pasquale Curr\u00f2, Simona Contestabile e Giusy Marabello, cercando di accontentare tutti gli alleati della sua coalizione con delle nomine, il candidato on. Cateno De Luca ha depositato invece, l\u2019integrazione del suo programma elettorale accogliendo le idee positive dei programmi dei candidati non arrivati al ballottaggio \u201d.<div id=\"div-gpt-ad-Messinaoggi.it-DSK-300x250-corpoart\" style=\"text-align:center;margin:0 auto;\"><\/div><\/p>\n<p style=\"text-align: justify;\">Giuseppe Lombardo poi aggiunge: \u201cDopo il primo turno, infatti, \u00e8 possibile, senza accordi sottobanco, integrare il proprio programma elettorale. L\u2019on.De Luca ha esaminato con attenzione i programmi del Movimento Cinque stelle, e dei candidati Renato Accorinti e Antonio Saitta, e ha scelto da ciascuno di questi un punto qualificante per inserirlo nel suo patto con la citt\u00e0. Quando le idee sono buone bisogna valorizzarle e tradurle in fatti concreti. Sappiano quindi gli elettori dei candidati non ammessi al ballottaggio che una parte del loro programma sar\u00e0 quindi realizzato da De Luca. Dal programma di Sciacca De Luca ha pensato di portare avanti l\u2019ideadell\u2019assessorato per le Periferie con la riqualificazione dei quartieri a rischio puntando su aree verdi e bellezza. Riuso degli edifici abbandonati, scuole e parrocchie come presidi di legalit\u00e0. Dal programma del candidato Accorintiha ripreso il recente regolamento di Arte di strada, che spalanca le porte a numerose attivit\u00e0 in grado di attirare artisti di strada, permettendo a quelli locali di operare nella legalit\u00e0. Nel programma di amministrazione si intende portare avanti iniziative culturali atte ad attirare artisti di strada per la realizzazione di eventi tematici giornate della cultura, notti Bianche etc.. anche alo scopo di favorire la nascita di u tessuto stabile che arricchisca offerta culturale cittadina e renda ala citt\u00e0 pi\u00f9 accogliente nei confronti del turismo. Per quel che riguarda il programma di Saitta l\u2019on. De Luca porter\u00e0 avanti il progetto nel quale il Comune, nell\u2019ambito delle proprie competenze, insieme alla Soprintendenza e al MuME si impegner\u00e0 per realizzare finalmente la Cittadella della Cultura, con la completa riqualificazione dell\u2019ex Ospedale Margherita. Nello specifico con lo spostamento degli uffici della Soprintendenza, come prevede il progetto regionale (Assessorato ai Beni Culturali) della Cittadella della Cultura \u00e8 possibile dare vita ad un\u2019unica grande area che ospiterebbe, tra l\u2019altro, due nuove realt\u00e0 il Museo Archeologico e il Museo della Memoria. Il primo conterrebbe il materiale archeologico, che la citt\u00e0 possiede, oggi solo in parte, esposto al Mume. Il secondo, invece, dedicato al ricordo del terremoto del 1908\u201d.<div id=\"videoincontent\" style=\"clear:both\";><\/div><\/p>\n<p> <\/p>\n","protected":false},"excerpt":{"rendered":"<p>Siamo entrati nella settimana decisiva, l\u2019ultima di campagna elettorale. Domenica si svolger\u00e0 il ballottaggio che decreter\u00e0 chi tra Dino Bramanti e Cateno De Luca sar\u00e0 il nuovo sindaco di Messina. I due non potranno contare sull\u2019apporto, almeno ufficiale, di nessuna lista che ha superato il 7%, visto che non \u00e8 stato ufficializzato alcun apparentamento. Ufficiali [&hellip;]<\/p>\n","protected":false},"author":15,"featured_media":12891,"comment_status":"closed","ping_status":"open","sticky":false,"template":"","format":"standard","meta":{"ub_ctt_via":"","_mi_skip_tracking":false},"categories":[6],"tags":[],"featured_image_src":"https:\/\/www.messinaoggi.it\/website\/wp-content\/uploads\/2017\/12\/IMG_20171212_113630940.jpg","author_info":{"display_name":"red.me","author_link":"https:\/\/www.messinaoggi.it\/website\/author\/red-me\/"},"digistream_id":0,"digistream":false,"_links":{"self":[{"href":"https:\/\/www.messinaoggi.it\/website\/wp-json\/wp\/v2\/posts\/20775"}],"collection":[{"href":"https:\/\/www.messinaoggi.it\/website\/wp-json\/wp\/v2\/posts"}],"about":[{"href":"https:\/\/www.messinaoggi.it\/website\/wp-json\/wp\/v2\/types\/post"}],"author":[{"embeddable":true,"href":"https:\/\/www.messinaoggi.it\/website\/wp-json\/wp\/v2\/users\/15"}],"replies":[{"embeddable":true,"href":"https:\/\/www.messinaoggi.it\/website\/wp-json\/wp\/v2\/comments?post=20775"}],"version-history":[{"count":0,"href":"https:\/\/www.messinaoggi.it\/website\/wp-json\/wp\/v2\/posts\/20775\/revisions"}],"wp:featuredmedia":[{"embeddable":true,"href":"https:\/\/www.messinaoggi.it\/website\/wp-json\/wp\/v2\/media\/12891"}],"wp:attachment":[{"href":"https:\/\/www.messinaoggi.it\/website\/wp-json\/wp\/v2\/media?parent=20775"}],"wp:term":[{"taxonomy":"category","embeddable":true,"href":"https:\/\/www.messinaoggi.it\/website\/wp-json\/wp\/v2\/categories?post=20775"},{"taxonomy":"post_tag","embeddable":true,"href":"https:\/\/www.messinaoggi.it\/website\/wp-json\/wp\/v2\/tags?post=20775"}],"curies":[{"name":"wp","href":"https:\/\/api.w.org\/{rel}","templated":true}]}}