{"id":207709,"date":"2024-08-09T12:51:29","date_gmt":"2024-08-09T10:51:29","guid":{"rendered":"http:\/\/www.messinaoggi.it\/website\/?p=207709"},"modified":"2024-08-09T12:53:45","modified_gmt":"2024-08-09T10:53:45","slug":"servizi-igienici-pubblici-la-fauci-preoccupato-per-queste-feste","status":"publish","type":"post","link":"https:\/\/www.messinaoggi.it\/website\/2024\/08\/09\/servizi-igienici-pubblici-la-fauci-preoccupato-per-queste-feste\/","title":{"rendered":"Servizi igienici pubblici, La Fauci: &#8220;Preoccupato per queste feste&#8221;"},"content":{"rendered":"\n<p>Il vicepresidente supplente del Consiglio comunale, nonch\u00e9 capgruppo di Ora Sicilia, <strong>Giandomenico La Fauci<\/strong>, interviene sulla situazione dei servizi igienici pubblici in citt\u00e0 in vista delle festivit\u00e0 di Agosto. <div id=\"div-gpt-ad-Messinaoggi.it-DSK-300x250-corpoart\" style=\"text-align:center;margin:0 auto;\"><\/div><\/p>\n\n\n\n<figure class=\"wp-block-image size-large\"><img loading=\"lazy\" width=\"764\" height=\"531\" src=\"http:\/\/www.messinaoggi.it\/website\/wp-content\/uploads\/2018\/08\/Giandomenico-La-Fauci-1.jpg\" alt=\"\" class=\"wp-image-23132\"\/><figcaption>Giandomenico La Fauci<\/figcaption><\/figure>\n\n\n\n<p>\u00abSono profondamente preoccupato per la situazione che Messina si trover\u00e0 ad affrontare nelle prossime settimane. Il razionamento dell&#8217;acqua, gi\u00e0 di per s\u00e9 un problema serio per i nostri cittadini e le attivit\u00e0 commerciali, rischia di trasformarsi in una vera emergenza con l&#8217;arrivo dei grandi eventi estivi, in particolare la processione della Vara del 15 agosto. Ho presentato un&#8217;interrogazione all&#8217;amministrazione comunale perch\u00e9 ritengo sia fondamentale agire subito. Non possiamo permetterci di accogliere migliaia di visitatori senza avere un piano concreto per la gestione dei servizi igienici e dell&#8217;approvvigionamento idrico. I nostri bar e ristoranti stanno gi\u00e0 faticando a garantire l&#8217;uso dei bagni ai clienti, come possiamo gestire un afflusso straordinario di persone in queste condizioni? Infatti, gi\u00e0 dopo poche ore del mattino, bar e ristoranti, sono costretti a mettere il bagno \u201cfuori servizio\u201d per carenza d\u2019acqua e la poca rimasta serve per poter proseguire col lavoro ordinario. Lo scorso settembre avevo proposto l&#8217;installazione di bagni pubblici a pagamento, una soluzione che potrebbe rivelarsi preziosa in questo momento. Non sarebbe, allora, il caso di accelerare questa opzione per consentire a cittadini e turisti di utilizzare i servizi igienici senza gravare sulle gi\u00e0 carenti scorte degli esercizi commerciali? Chiedo all&#8217;amministrazione di muoversi su questo fronte e di valutare anche altre misure immediate, come l&#8217;aumento dell&#8217;erogazione idrica agli esercizi commerciali durante gli eventi. La mia non \u00e8 una critica fine a s\u00e9 stessa, ma un invito ad agire. Messina merita di poter celebrare le sue tradizioni e accogliere i visitatori nel migliore dei modi, anche in un momento di difficolt\u00e0 come questo. Confido che l&#8217;amministrazione sapr\u00e0 fornire risposte concrete e attuare soluzioni efficaci in tempi brevi. La salute pubblica, il decoro della nostra citt\u00e0 e il sostegno alle attivit\u00e0 commerciali devono essere le nostre priorit\u00e0\u00bb.<div id=\"videoincontent\" style=\"clear:both\";><\/div><\/p>\n","protected":false},"excerpt":{"rendered":"<p>Il vicepresidente supplente del Consiglio comunale, nonch\u00e9 capgruppo di Ora Sicilia, Giandomenico La Fauci, interviene sulla situazione dei servizi igienici pubblici in citt\u00e0 in vista delle festivit\u00e0 di Agosto. \u00abSono profondamente preoccupato per la situazione che Messina si trover\u00e0 ad affrontare nelle prossime settimane. Il razionamento dell&#8217;acqua, gi\u00e0 di per s\u00e9 un problema serio per [&hellip;]<\/p>\n","protected":false},"author":15,"featured_media":119993,"comment_status":"open","ping_status":"open","sticky":false,"template":"","format":"standard","meta":{"ub_ctt_via":"","_mi_skip_tracking":false},"categories":[6],"tags":[2529,46,5813,3367,4167,6049],"featured_image_src":"https:\/\/www.messinaoggi.it\/website\/wp-content\/uploads\/2022\/09\/piazza-duomo-e-la-Vara-2022.jpeg","author_info":{"display_name":"red.me","author_link":"https:\/\/www.messinaoggi.it\/website\/author\/red-me\/"},"digistream_id":0,"digistream":false,"_links":{"self":[{"href":"https:\/\/www.messinaoggi.it\/website\/wp-json\/wp\/v2\/posts\/207709"}],"collection":[{"href":"https:\/\/www.messinaoggi.it\/website\/wp-json\/wp\/v2\/posts"}],"about":[{"href":"https:\/\/www.messinaoggi.it\/website\/wp-json\/wp\/v2\/types\/post"}],"author":[{"embeddable":true,"href":"https:\/\/www.messinaoggi.it\/website\/wp-json\/wp\/v2\/users\/15"}],"replies":[{"embeddable":true,"href":"https:\/\/www.messinaoggi.it\/website\/wp-json\/wp\/v2\/comments?post=207709"}],"version-history":[{"count":6,"href":"https:\/\/www.messinaoggi.it\/website\/wp-json\/wp\/v2\/posts\/207709\/revisions"}],"predecessor-version":[{"id":207715,"href":"https:\/\/www.messinaoggi.it\/website\/wp-json\/wp\/v2\/posts\/207709\/revisions\/207715"}],"wp:featuredmedia":[{"embeddable":true,"href":"https:\/\/www.messinaoggi.it\/website\/wp-json\/wp\/v2\/media\/119993"}],"wp:attachment":[{"href":"https:\/\/www.messinaoggi.it\/website\/wp-json\/wp\/v2\/media?parent=207709"}],"wp:term":[{"taxonomy":"category","embeddable":true,"href":"https:\/\/www.messinaoggi.it\/website\/wp-json\/wp\/v2\/categories?post=207709"},{"taxonomy":"post_tag","embeddable":true,"href":"https:\/\/www.messinaoggi.it\/website\/wp-json\/wp\/v2\/tags?post=207709"}],"curies":[{"name":"wp","href":"https:\/\/api.w.org\/{rel}","templated":true}]}}