{"id":207605,"date":"2024-08-08T01:08:03","date_gmt":"2024-08-07T23:08:03","guid":{"rendered":"https:\/\/www.messinaoggi.it\/website\/2024\/08\/08\/urso-verso-nuovo-piano-incentivi-per-lauto-programma-pluriennale\/"},"modified":"2024-08-08T01:08:03","modified_gmt":"2024-08-07T23:08:03","slug":"urso-verso-nuovo-piano-incentivi-per-lauto-programma-pluriennale","status":"publish","type":"post","link":"https:\/\/www.messinaoggi.it\/website\/2024\/08\/08\/urso-verso-nuovo-piano-incentivi-per-lauto-programma-pluriennale\/","title":{"rendered":"Urso \u201cVerso nuovo piano incentivi per l\u2019auto, programma pluriennale\u201d"},"content":{"rendered":"<div>ROMA (ITALPRESS) &#8211; Accompagnare la transizione energetica, rinnovare il parco auto circolante troppo obsoleto, supportare soprattutto le persone fisiche e sostenere le fasce le meno abbienti. Questi i quattro obiettivi centrati in soli due mesi dal piano Ecobonus. A questi dati incoraggianti, che evidenziano la buona riuscita del piano, non \u00e8 corrisposto per\u00f2 un incremento dei volumi produttivi degli stabilimenti italiani, il quinto target stabilito. Per questo motivo il piano incentivi per i prossimi anni verr\u00e0 rimodulato, spostando il focus sull&#8217;offerta e puntando su una programmazione pluriennale delle risorse per favorire le case automobilistiche nella programmazione degli investimenti e le famiglie negli acquisti. E&#8217; quanto emerso, in sintesi, durante il Tavolo Automotive presieduto dal ministro Adolfo Urso insieme al viceministro Valentino Valentini e ai sottosegretari Fausta Bergamotto e Massimo Bitonci. Alla plenaria, a Palazzo Piacentini, erano presenti anche i rappresentati delle aziende che producono veicoli in Italia, delle organizzazioni sindacali e datoriali della filiera, delle Regioni e dell&#8217;Associazione Nazionale Filiera Industria Automobilistica (Anfia).<br \/>&#8220;La prossima edizione dell&#8217;ecobonus deve presentare una significativa discontinuit\u00e0. La priorit\u00e0 \u00e8 il sostegno alla filiera nazionale e all&#8217;occupazione, sempre nel rispetto degli altri due principi cardine che sono il rinnovo del parco circolante e il supporto alle famiglie a bassa capacit\u00e0 di spesa&#8221;, ha affermato il ministro Urso. Inoltre, \u00e8 allo studio l&#8217;introduzione di un meccanismo che privilegi le produzioni a elevato contenuto di componentistica europea e che garantisca la sostenibilit\u00e0 delle produzioni. Durante l&#8217;incontro sono stati resi noti i dati sulle prenotazioni degli incentivi per l&#8217;acquisto di veicoli a basse emissioni inquinanti.<br \/>A due mesi dall&#8217;apertura della piattaforma Ecobonus, lo scorso 3 giugno, le significative risorse messe a disposizione delle auto elettriche &#8211; quasi 230 milioni- si sono rapidamente esaurite e hanno portato a oltre 25.000 prenotazioni. <br \/>Riguardo il rinnovo del parco auto circolante, l&#8217;83% delle prenotazioni prevede una contestuale rottamazione, di cui il 42% modelli fino a Euro 3.<br \/>Inoltre, il 77% delle risorse prenotate riguarda le persone fisiche (72% nel caso delle auto elettriche) e un quarto delle risorse prenotate \u00e8 relativo a persone con ISEE inferiore a 30.000 euro. Nello specifico, in merito alle auto elettriche, il 41% delle prenotazioni inserite da persone fisiche interessa persone a basso ISEE, per un valore pari al 49% delle risorse disponibili.<br \/>Per quanto riguarda la programmazione degli incentivi, il fondo automotive pu\u00f2 contare ancora su una dotazione di 750 milioni per il 2025 e di un miliardo annuo dal 2026 al 2030.<br \/>In parallelo al concretizzarsi della politica di attrazione di nuovi player e alla necessit\u00e0 di accompagnare il processo di riqualificazione della componentistica italiana verr\u00e0 incrementata la quota destinata all&#8217;offerta pari a 50 milioni nel 2022 e 350 milioni annui nel successivo biennio.<br \/>Si avvia, inoltre, nel mese di settembre la definizione del nuovo schema di incentivazione della domanda e dell&#8217;offerta della filiera, che terr\u00e0 conto delle indicazioni delle altre Amministrazioni coinvolte (PCM, MEF, MIT, MASE) e delle proposte avanzate dai principali stakeholder presenti al Tavolo.<div id=\"div-gpt-ad-Messinaoggi.it-DSK-300x250-corpoart\" style=\"text-align:center;margin:0 auto;\"><\/div><\/p>\n<p>foto: ufficio stampa Mimit<div id=\"videoincontent\" style=\"clear:both\";><\/div><\/p>\n<p>(ITALPRESS).<\/p><\/div>\n","protected":false},"excerpt":{"rendered":"<p>ROMA (ITALPRESS) &#8211; Accompagnare la transizione energetica, rinnovare il parco auto circolante troppo obsoleto, supportare soprattutto le persone fisiche e sostenere le fasce le meno abbienti. Questi i quattro obiettivi centrati in soli due mesi dal piano Ecobonus. A questi dati incoraggianti, che evidenziano la buona riuscita del piano, non \u00e8 corrisposto per\u00f2 un incremento [&hellip;]<\/p>\n","protected":false},"author":18,"featured_media":207606,"comment_status":"closed","ping_status":"closed","sticky":false,"template":"","format":"standard","meta":{"ub_ctt_via":"","_mi_skip_tracking":false},"categories":[446],"tags":[783],"featured_image_src":"https:\/\/www.messinaoggi.it\/website\/wp-content\/uploads\/2024\/08\/20240807_2303.jpg","author_info":{"display_name":"Admin","author_link":"https:\/\/www.messinaoggi.it\/website\/author\/admin\/"},"digistream_id":0,"digistream":false,"_links":{"self":[{"href":"https:\/\/www.messinaoggi.it\/website\/wp-json\/wp\/v2\/posts\/207605"}],"collection":[{"href":"https:\/\/www.messinaoggi.it\/website\/wp-json\/wp\/v2\/posts"}],"about":[{"href":"https:\/\/www.messinaoggi.it\/website\/wp-json\/wp\/v2\/types\/post"}],"author":[{"embeddable":true,"href":"https:\/\/www.messinaoggi.it\/website\/wp-json\/wp\/v2\/users\/18"}],"replies":[{"embeddable":true,"href":"https:\/\/www.messinaoggi.it\/website\/wp-json\/wp\/v2\/comments?post=207605"}],"version-history":[{"count":0,"href":"https:\/\/www.messinaoggi.it\/website\/wp-json\/wp\/v2\/posts\/207605\/revisions"}],"wp:featuredmedia":[{"embeddable":true,"href":"https:\/\/www.messinaoggi.it\/website\/wp-json\/wp\/v2\/media\/207606"}],"wp:attachment":[{"href":"https:\/\/www.messinaoggi.it\/website\/wp-json\/wp\/v2\/media?parent=207605"}],"wp:term":[{"taxonomy":"category","embeddable":true,"href":"https:\/\/www.messinaoggi.it\/website\/wp-json\/wp\/v2\/categories?post=207605"},{"taxonomy":"post_tag","embeddable":true,"href":"https:\/\/www.messinaoggi.it\/website\/wp-json\/wp\/v2\/tags?post=207605"}],"curies":[{"name":"wp","href":"https:\/\/api.w.org\/{rel}","templated":true}]}}