{"id":207573,"date":"2024-08-07T19:08:00","date_gmt":"2024-08-07T17:08:00","guid":{"rendered":"https:\/\/www.messinaoggi.it\/website\/2024\/08\/07\/immigrazione-piantedosi-sbarchi-in-calo-del-63-rispetto-al-2023\/"},"modified":"2024-08-07T19:08:00","modified_gmt":"2024-08-07T17:08:00","slug":"immigrazione-piantedosi-sbarchi-in-calo-del-63-rispetto-al-2023","status":"publish","type":"post","link":"https:\/\/www.messinaoggi.it\/website\/2024\/08\/07\/immigrazione-piantedosi-sbarchi-in-calo-del-63-rispetto-al-2023\/","title":{"rendered":"Immigrazione, Piantedosi \u201cSbarchi in calo del 63% rispetto al 2023\u201d"},"content":{"rendered":"<div>ROMA (ITALPRESS) &#8211; &#8220;I dati sugli arrivi via mare dei migranti effettivamente registrano non solo una forte diminuzione rispetto allo scorso anno, pari a circa il 63%, ma anche una flessione del 20% rispetto al 2022, anno in cui era in carica il precedente governo: questi importanti risultati sono il frutto di strategie orientate al contrasto del vergognoso traffico di migranti, al pi\u00f9 rigoroso rispetto delle regole in materia di migrazione e alla realizzazione di una pi\u00f9 efficace collaborazione con i Paesi di origine e transito dei flussi&#8221;. Lo ha detto il ministro dell&#8217;Interno, Matteo Piantedosi, al question time in Aula alla Camera, rispondendo a un&#8217;interrogazione della Lega sull&#8217;entit\u00e0 degli sbarchi e dei rimpatri degli immigrati irregolari. &#8220;Dall&#8217;inizio dell&#8217;anno sono stati 3.080 i migranti rimpatriati, con un aumento del 20% rispetto al 2023, e stiamo lavorando con l&#8217;obiettivo di aumentare ulteriormente il numero effettivo dei rimpatri, rendendo pi\u00f9 celeri le procedure di espulsione&#8221;, ha ricordato. <br \/>&#8220;Il traffico di esseri umani \u00e8 un crimine contro l&#8217;umanit\u00e0 e l&#8217;azione di contrasto deve restare una priorit\u00e0 per l&#8217;Italia e per l&#8217;Unione Europea: il nostro Paese sar\u00e0 in prima linea sul piano operativo, favorendo l&#8217;adozione di strumenti giuridici sempre pi\u00f9 adeguati, come dimostrano i dati degli arresti degli scafisti che dall&#8217;inizio dell&#8217;anno sono stati 144, a fronte dei 128 dell&#8217;analogo periodo del 2023&#8221;.<div id=\"div-gpt-ad-Messinaoggi.it-DSK-300x250-corpoart\" style=\"text-align:center;margin:0 auto;\"><\/div><\/p>\n<p>foto: Agenzia Fotogramma<div id=\"videoincontent\" style=\"clear:both\";><\/div><\/p>\n<p>(ITALPRESS).<\/p><\/div>\n","protected":false},"excerpt":{"rendered":"<p>ROMA (ITALPRESS) &#8211; &#8220;I dati sugli arrivi via mare dei migranti effettivamente registrano non solo una forte diminuzione rispetto allo scorso anno, pari a circa il 63%, ma anche una flessione del 20% rispetto al 2022, anno in cui era in carica il precedente governo: questi importanti risultati sono il frutto di strategie orientate al [&hellip;]<\/p>\n","protected":false},"author":18,"featured_media":207574,"comment_status":"closed","ping_status":"closed","sticky":false,"template":"","format":"standard","meta":{"ub_ctt_via":"","_mi_skip_tracking":false},"categories":[446],"tags":[783],"featured_image_src":"https:\/\/www.messinaoggi.it\/website\/wp-content\/uploads\/2024\/08\/20240806_1233-1.jpg","author_info":{"display_name":"Admin","author_link":"https:\/\/www.messinaoggi.it\/website\/author\/admin\/"},"digistream_id":0,"digistream":false,"_links":{"self":[{"href":"https:\/\/www.messinaoggi.it\/website\/wp-json\/wp\/v2\/posts\/207573"}],"collection":[{"href":"https:\/\/www.messinaoggi.it\/website\/wp-json\/wp\/v2\/posts"}],"about":[{"href":"https:\/\/www.messinaoggi.it\/website\/wp-json\/wp\/v2\/types\/post"}],"author":[{"embeddable":true,"href":"https:\/\/www.messinaoggi.it\/website\/wp-json\/wp\/v2\/users\/18"}],"replies":[{"embeddable":true,"href":"https:\/\/www.messinaoggi.it\/website\/wp-json\/wp\/v2\/comments?post=207573"}],"version-history":[{"count":0,"href":"https:\/\/www.messinaoggi.it\/website\/wp-json\/wp\/v2\/posts\/207573\/revisions"}],"wp:featuredmedia":[{"embeddable":true,"href":"https:\/\/www.messinaoggi.it\/website\/wp-json\/wp\/v2\/media\/207574"}],"wp:attachment":[{"href":"https:\/\/www.messinaoggi.it\/website\/wp-json\/wp\/v2\/media?parent=207573"}],"wp:term":[{"taxonomy":"category","embeddable":true,"href":"https:\/\/www.messinaoggi.it\/website\/wp-json\/wp\/v2\/categories?post=207573"},{"taxonomy":"post_tag","embeddable":true,"href":"https:\/\/www.messinaoggi.it\/website\/wp-json\/wp\/v2\/tags?post=207573"}],"curies":[{"name":"wp","href":"https:\/\/api.w.org\/{rel}","templated":true}]}}