{"id":207545,"date":"2024-08-07T15:08:09","date_gmt":"2024-08-07T13:08:09","guid":{"rendered":"https:\/\/www.messinaoggi.it\/website\/2024\/08\/07\/nordio-incontra-i-garanti-dei-detenuti-no-ad-amnistia-mascherata\/"},"modified":"2024-08-07T15:08:09","modified_gmt":"2024-08-07T13:08:09","slug":"nordio-incontra-i-garanti-dei-detenuti-no-ad-amnistia-mascherata","status":"publish","type":"post","link":"https:\/\/www.messinaoggi.it\/website\/2024\/08\/07\/nordio-incontra-i-garanti-dei-detenuti-no-ad-amnistia-mascherata\/","title":{"rendered":"Nordio incontra i garanti dei detenuti \u201cNo ad amnistia mascherata\u201d"},"content":{"rendered":"<div>ROMA (ITALPRESS) &#8211; Il ministro della Giustizia, Carlo Nordio e il Garante nazionale dei detenuti, Maurizio D&#8217;Ettore, hanno ricevuto questa mattina via Arenula una delegazione dei Garanti territoriali dei diritti delle persone private della libert\u00e0 personale. L&#8217;incontro \u00e8 stata l&#8217;occasione per fare il punto sul sistema carcerario. I Garanti hanno sottoposto al Ministro alcune richieste in materia di contrasto al sovraffollamento carcerario, prevenzione dei suicidi e, in generale, sulla condizione carceraria, sottolineando l&#8217;esigenza di intervenire con un aumento dei turni d&#8217;aria, pi\u00f9 telefonate e colloqui familiari, maggiori investimenti sull&#8217;area penale esterna, incremento dei fondi gi\u00e0 stanziati da via Arenula sul sostegno psicologico. Per il ministro Nordio si \u00e8 trattato &#8220;di un incontro proficuo, un&#8217;occasione di confronto costruttivo durante il quale abbiamo confermato la volont\u00e0 di mantenere alta l&#8217;attenzione, come dimostrato in questo anno e mezzo di governo, durante il quale, solo nel 2024, sono stati stanziati 10,5 milioni di euro aggiuntivi &#8211; pi\u00f9 che triplicato il budget previsto in bilancio di euro 4,4 milioni &#8211; per uno stanziamento totale di euro 14,9 mln, di cui 9,5 mln per gli psicologi ed 1 mln per i mediatori culturali, destinati ad aumentare il numero dei professionisti psicologi negli istituti penitenziari, in modo da migliorare la qualit\u00e0 dei percorsi di trattamento dei detenuti e colmando per la prima volta nella storia le piante organiche di queste figure&#8221;.<br \/>&#8220;Siamo consapevoli &#8211; ha dichiarato Nordio &#8211; che tutto questo non basta ad alleviare la condizione carceraria ma siamo contrari a qualunque forma di scarcerazione lineare o amnistia mascherata perch\u00e8 rappresenterebbero una resa dello Stato, con conseguenze, fra l&#8217;altro, negative in termini di recidiva confermate dalle statistiche&#8221;. Quello che si pu\u00f2 fare \u00e8 sicuramente intervenire sulla carcerazione preventiva, ha spiegato il Guardasigilli: &#8220;ad oggi contiamo circa un 20% di detenuti in attesa di giudizio e questo \u00e8 inaccettabile per chi come noi ritiene la presunzione d&#8217;innocenza un valore assoluto cos\u00ec come deve essere la certezza della pena, una volta ricevuta la condanna definitiva. Proprio per questo con le riforme promosse dal governo abbiamo introdotto, ad esempio, l&#8217;interrogatorio di garanzia prima dell&#8217;arresto e l&#8217;istituzione del tribunale collegiale per la conferma del provvedimento di detenzione. Si tratta di iniziative che avranno certamente un effetto deflattivo sul numero di persone incarcerate&#8221;. Quanto al tema delicato dei detenuti tossicodipendenti Nordio ha ricordato che con il Dl Carceri \u00e8 prevista l&#8217;istituzione presso il Ministero della giustizia di un elenco delle strutture residenziali idonee all&#8217;accoglienza e al reinserimento sociale dei detenuti adulti. &#8220;Stiamo sottoscrivendo accordi con le Regioni perch\u00e8 il contributo delle organizzazioni locali, che hanno strutture e strumenti idonee sia dal punto di vista sanitario che per la sicurezza dei detenuti, \u00e8 fondamentale per consentire l&#8217;esecuzione esterna della pena&#8221;, ha concluso il Ministro.<div id=\"div-gpt-ad-Messinaoggi.it-DSK-300x250-corpoart\" style=\"text-align:center;margin:0 auto;\"><\/div><\/p>\n<p> &#8211; Foto ufficio stampa Ministero della Giustizia &#8211;<div id=\"videoincontent\" style=\"clear:both\";><\/div><\/p>\n<p>(ITALPRESS).<\/p><\/div>\n","protected":false},"excerpt":{"rendered":"<p>ROMA (ITALPRESS) &#8211; Il ministro della Giustizia, Carlo Nordio e il Garante nazionale dei detenuti, Maurizio D&#8217;Ettore, hanno ricevuto questa mattina via Arenula una delegazione dei Garanti territoriali dei diritti delle persone private della libert\u00e0 personale. L&#8217;incontro \u00e8 stata l&#8217;occasione per fare il punto sul sistema carcerario. I Garanti hanno sottoposto al Ministro alcune richieste [&hellip;]<\/p>\n","protected":false},"author":18,"featured_media":207546,"comment_status":"closed","ping_status":"closed","sticky":false,"template":"","format":"standard","meta":{"ub_ctt_via":"","_mi_skip_tracking":false},"categories":[446],"tags":[783],"featured_image_src":"https:\/\/www.messinaoggi.it\/website\/wp-content\/uploads\/2024\/08\/20240807_0527.jpg","author_info":{"display_name":"Admin","author_link":"https:\/\/www.messinaoggi.it\/website\/author\/admin\/"},"digistream_id":0,"digistream":false,"_links":{"self":[{"href":"https:\/\/www.messinaoggi.it\/website\/wp-json\/wp\/v2\/posts\/207545"}],"collection":[{"href":"https:\/\/www.messinaoggi.it\/website\/wp-json\/wp\/v2\/posts"}],"about":[{"href":"https:\/\/www.messinaoggi.it\/website\/wp-json\/wp\/v2\/types\/post"}],"author":[{"embeddable":true,"href":"https:\/\/www.messinaoggi.it\/website\/wp-json\/wp\/v2\/users\/18"}],"replies":[{"embeddable":true,"href":"https:\/\/www.messinaoggi.it\/website\/wp-json\/wp\/v2\/comments?post=207545"}],"version-history":[{"count":0,"href":"https:\/\/www.messinaoggi.it\/website\/wp-json\/wp\/v2\/posts\/207545\/revisions"}],"wp:featuredmedia":[{"embeddable":true,"href":"https:\/\/www.messinaoggi.it\/website\/wp-json\/wp\/v2\/media\/207546"}],"wp:attachment":[{"href":"https:\/\/www.messinaoggi.it\/website\/wp-json\/wp\/v2\/media?parent=207545"}],"wp:term":[{"taxonomy":"category","embeddable":true,"href":"https:\/\/www.messinaoggi.it\/website\/wp-json\/wp\/v2\/categories?post=207545"},{"taxonomy":"post_tag","embeddable":true,"href":"https:\/\/www.messinaoggi.it\/website\/wp-json\/wp\/v2\/tags?post=207545"}],"curies":[{"name":"wp","href":"https:\/\/api.w.org\/{rel}","templated":true}]}}