{"id":207541,"date":"2024-08-07T15:08:07","date_gmt":"2024-08-07T13:08:07","guid":{"rendered":"https:\/\/www.messinaoggi.it\/website\/2024\/08\/07\/scuola-valditara-bisogna-lottare-contro-il-bullismo-e-la-prepotenza\/"},"modified":"2024-08-07T15:08:07","modified_gmt":"2024-08-07T13:08:07","slug":"scuola-valditara-bisogna-lottare-contro-il-bullismo-e-la-prepotenza","status":"publish","type":"post","link":"https:\/\/www.messinaoggi.it\/website\/2024\/08\/07\/scuola-valditara-bisogna-lottare-contro-il-bullismo-e-la-prepotenza\/","title":{"rendered":"Scuola, Valditara \u201cBisogna lottare contro il bullismo e la prepotenza\u201d"},"content":{"rendered":"<div>ROMA (ITALPRESS) &#8211; &#8220;Bisogna lottare affinch\u00e8 nelle scuole ci sia la cultura del rispetto. I bulli sono figli di un padre e di una madre e il bullismo va contrastato prima nelle famiglie e poi nella scuola. Proprio in queste ore \u00e8 stato inserito nelle linee guida sull&#8217;educazione civica. Ritorna il voto di condotta, perch\u00e8 il voto di condotta significa assumersi delle responsabilit\u00e0 e il bullismo \u00e8 una piaga drammatica&#8221;. Lo ha detto il ministro dell&#8217;Istruzione e del Merito, Giuseppe Valditara, ad Agor\u00e0 Estate su Rai 3. &#8220;Bisogna ripensare anche al sistema delle sospensioni. La scuola deve essere punto di riferimento, non soltanto per lo studio  ma anche per lo sport e le attivit\u00e0 ricreative &#8211; ha aggiunto -. La riforma prevista del 4+2 significa dare una opportunit\u00e0 formativa di successo ai giovani e per le imprese essere pi\u00f9 competitive&#8221;.<div id=\"div-gpt-ad-Messinaoggi.it-DSK-300x250-corpoart\" style=\"text-align:center;margin:0 auto;\"><\/div><\/p>\n<p>&#8211; foto: Agenzia Fotogramma &#8211;<br \/>(ITALPRESS).<\/div>\n<div id=\"videoincontent\" style=\"clear:both\";><\/div>","protected":false},"excerpt":{"rendered":"<p>ROMA (ITALPRESS) &#8211; &#8220;Bisogna lottare affinch\u00e8 nelle scuole ci sia la cultura del rispetto. I bulli sono figli di un padre e di una madre e il bullismo va contrastato prima nelle famiglie e poi nella scuola. Proprio in queste ore \u00e8 stato inserito nelle linee guida sull&#8217;educazione civica. Ritorna il voto di condotta, perch\u00e8 [&hellip;]<\/p>\n","protected":false},"author":18,"featured_media":207542,"comment_status":"closed","ping_status":"closed","sticky":false,"template":"","format":"standard","meta":{"ub_ctt_via":"","_mi_skip_tracking":false},"categories":[446],"tags":[783],"featured_image_src":"https:\/\/www.messinaoggi.it\/website\/wp-content\/uploads\/2024\/08\/20240807_0370.jpg","author_info":{"display_name":"Admin","author_link":"https:\/\/www.messinaoggi.it\/website\/author\/admin\/"},"digistream_id":0,"digistream":false,"_links":{"self":[{"href":"https:\/\/www.messinaoggi.it\/website\/wp-json\/wp\/v2\/posts\/207541"}],"collection":[{"href":"https:\/\/www.messinaoggi.it\/website\/wp-json\/wp\/v2\/posts"}],"about":[{"href":"https:\/\/www.messinaoggi.it\/website\/wp-json\/wp\/v2\/types\/post"}],"author":[{"embeddable":true,"href":"https:\/\/www.messinaoggi.it\/website\/wp-json\/wp\/v2\/users\/18"}],"replies":[{"embeddable":true,"href":"https:\/\/www.messinaoggi.it\/website\/wp-json\/wp\/v2\/comments?post=207541"}],"version-history":[{"count":0,"href":"https:\/\/www.messinaoggi.it\/website\/wp-json\/wp\/v2\/posts\/207541\/revisions"}],"wp:featuredmedia":[{"embeddable":true,"href":"https:\/\/www.messinaoggi.it\/website\/wp-json\/wp\/v2\/media\/207542"}],"wp:attachment":[{"href":"https:\/\/www.messinaoggi.it\/website\/wp-json\/wp\/v2\/media?parent=207541"}],"wp:term":[{"taxonomy":"category","embeddable":true,"href":"https:\/\/www.messinaoggi.it\/website\/wp-json\/wp\/v2\/categories?post=207541"},{"taxonomy":"post_tag","embeddable":true,"href":"https:\/\/www.messinaoggi.it\/website\/wp-json\/wp\/v2\/tags?post=207541"}],"curies":[{"name":"wp","href":"https:\/\/api.w.org\/{rel}","templated":true}]}}