{"id":20750,"date":"2018-06-17T21:18:18","date_gmt":"2018-06-17T19:18:18","guid":{"rendered":"http:\/\/www.messinaoggi.it\/website\/?p=20750"},"modified":"2018-06-17T21:18:18","modified_gmt":"2018-06-17T19:18:18","slug":"martedi-lultimo-saluto-a-francesco-e-raniero","status":"publish","type":"post","link":"https:\/\/www.messinaoggi.it\/website\/2018\/06\/17\/martedi-lultimo-saluto-a-francesco-e-raniero\/","title":{"rendered":"Tragedia via dei Mille, ciabatta elettrica mal funzionante la causa del rogo?"},"content":{"rendered":"<p>Sembrano ad una svolta le indagini sull&#8217;incendio in via Dei Mille che venerd\u00ec scorso ha provocato la morte di Francesco Filippo e Raniero\u00a0Messina, rispettivamente di 13 e 10 anni.\u00a0 Secondo quanto emerge dalle prime indagini svolte dal Nucleo investigativo antincendi dei vigili del fuoco e dalla polizia potrebbe essere stata una presa elettrica o una ciabatta mal funzionante a provocare l&#8217;incendio che ha devastato l&#8217;appartamento.<br \/>\nIn via Dei Mille, dove abitavano i due bimbi, decine di persone hanno lasciato fiori. Ieri il medico legale del Policlinico di\u00a0Messina\u00a0ha eseguito l&#8217;esame esterno dei corpi, deducendone che la morte \u00e8 stata causata dalle esalazioni dell&#8217;incendio.<br \/>\nL&#8217;ipotesi del cattivo funzionamento della presa elettrica della cucina, lo stesso ambiente che ospitava il soppalco sul quale dormivano i fratellini, era stata avanzata dal padre delle vittime poco dopo la tragedia.<br \/>\n<strong>Marted\u00ec l&#8217;ultimo saluto agli angeli di Messina.<\/strong> Marted\u00ec mattina Messina tratterr\u00e0 il fiato per dare l\u2019ultimo saluto a Francesco Filippo e Raniero Messina, i due fratellini di 13 e 10 anni tragicamente scomparsi durante l\u2019incendio che ha devastato la loro abitazione di via dei Mille nella notte tra gioved\u00ec e venerd\u00ec.<br \/>\nAlle 10 si svolgeranno i funerali al Sant\u2019Ignazio, l\u00ec un\u2019intera citt\u00e0 si stringer\u00e0 attorno a pap\u00e0 Gianmaria, a mamma Chiara e ai fratellini Tancredi e Federico. Una citt\u00e0 che gi\u00e0 a partire da venerd\u00ec, vale a dire subito dopo la tragedia, ha mostrato tutto il proprio rispetto per una famiglia conosciuta e apprezzata in tutto il centro cittadino.<br \/>\nVenerd\u00ec pomeriggio tutte le saracinesche della via dei Mille erano aperte e met\u00e0 in segno di lutto, la campagna elettorale si \u00e8 fermata per 24 ore, cos\u00ec come le attivit\u00e0 dell\u2019Universit\u00e0 e del teatro &#8220;Vittorio Emanuele&#8221;, tutti hanno ritenuto corretto fermarsi come segno di rispetto per due piccole vite tragicamente spezzate.<div id=\"div-gpt-ad-Messinaoggi.it-DSK-300x250-corpoart\" style=\"text-align:center;margin:0 auto;\"><\/div><\/p>\n<div id=\"videoincontent\" style=\"clear:both\";><\/div>","protected":false},"excerpt":{"rendered":"<p>Sembrano ad una svolta le indagini sull&#8217;incendio in via Dei Mille che venerd\u00ec scorso ha provocato la morte di Francesco Filippo e Raniero\u00a0Messina, rispettivamente di 13 e 10 anni.\u00a0 Secondo quanto emerge dalle prime indagini svolte dal Nucleo investigativo antincendi dei vigili del fuoco e dalla polizia potrebbe essere stata una presa elettrica o una [&hellip;]<\/p>\n","protected":false},"author":15,"featured_media":20711,"comment_status":"closed","ping_status":"open","sticky":false,"template":"","format":"standard","meta":{"ub_ctt_via":"","_mi_skip_tracking":false},"categories":[6],"tags":[],"featured_image_src":"https:\/\/www.messinaoggi.it\/website\/wp-content\/uploads\/2018\/06\/morte-fratellini-cortile-con-piani-bruciati-e-fiori-messinaoggiMarcyRuggi-1.jpg","author_info":{"display_name":"red.me","author_link":"https:\/\/www.messinaoggi.it\/website\/author\/red-me\/"},"digistream_id":0,"digistream":false,"_links":{"self":[{"href":"https:\/\/www.messinaoggi.it\/website\/wp-json\/wp\/v2\/posts\/20750"}],"collection":[{"href":"https:\/\/www.messinaoggi.it\/website\/wp-json\/wp\/v2\/posts"}],"about":[{"href":"https:\/\/www.messinaoggi.it\/website\/wp-json\/wp\/v2\/types\/post"}],"author":[{"embeddable":true,"href":"https:\/\/www.messinaoggi.it\/website\/wp-json\/wp\/v2\/users\/15"}],"replies":[{"embeddable":true,"href":"https:\/\/www.messinaoggi.it\/website\/wp-json\/wp\/v2\/comments?post=20750"}],"version-history":[{"count":0,"href":"https:\/\/www.messinaoggi.it\/website\/wp-json\/wp\/v2\/posts\/20750\/revisions"}],"wp:featuredmedia":[{"embeddable":true,"href":"https:\/\/www.messinaoggi.it\/website\/wp-json\/wp\/v2\/media\/20711"}],"wp:attachment":[{"href":"https:\/\/www.messinaoggi.it\/website\/wp-json\/wp\/v2\/media?parent=20750"}],"wp:term":[{"taxonomy":"category","embeddable":true,"href":"https:\/\/www.messinaoggi.it\/website\/wp-json\/wp\/v2\/categories?post=20750"},{"taxonomy":"post_tag","embeddable":true,"href":"https:\/\/www.messinaoggi.it\/website\/wp-json\/wp\/v2\/tags?post=20750"}],"curies":[{"name":"wp","href":"https:\/\/api.w.org\/{rel}","templated":true}]}}