{"id":20744,"date":"2018-06-16T16:25:24","date_gmt":"2018-06-16T14:25:24","guid":{"rendered":"http:\/\/www.messinaoggi.it\/website\/?p=20744"},"modified":"2018-06-16T16:25:24","modified_gmt":"2018-06-16T14:25:24","slug":"bramanti-chiude-la-sua-squadra-di-assessori-ecco-curro-la-marabello-e-la-contestabile","status":"publish","type":"post","link":"https:\/\/www.messinaoggi.it\/website\/2018\/06\/16\/bramanti-chiude-la-sua-squadra-di-assessori-ecco-curro-la-marabello-e-la-contestabile\/","title":{"rendered":"Bramanti chiude la sua squadra di assessori: ecco Curr\u00f2, la Marabello e la Contestabile"},"content":{"rendered":"<div class=\"ox-127e82c5ce-pre\"><\/div>\n<div class=\"ox-127e82c5ce-pre\">\n\u201cLa coalizione, ha confermato i criteri gi\u00e0 annunciati per la designazione degli assessori, guardando alle liste che hanno riportato i maggiori consensi, pur non raggiungendo il quorum del 5% per l\u2019elezione dei propri consiglieri. La nostra \u00e8 una coalizione unita e che si basa sul rispetto delle diverse componenti che hanno contribuito al raggiungimento del risultato del 10 giugno. Proprio questa unit\u00e0 sta alla base dei criteri individuati nel completare la rosa degli assessori. Diventer\u00e0 Bellissima, la prima delle liste che ha rasentato il 5%, per stile istituzionale ha deciso di procedere alla propria designazione successivamente. Infine, per quanto riguarda l\u2019apparentamento &#8211; conclude Dino Bramanti &#8211; noi andremo da soli al ballottaggio, senza apparentamenti tecnici con nessuna delle altre liste. Il mio appello, come pi\u00f9 volte ribadito, \u00e8 a tutti i messinesi, per un voto che premi la seriet\u00e0, la competenza e la concretezza. Messina ha bisogno di fatti e non di annunci, di condivisione e non di strali\u201d.<br \/>\nSono stati designati i seguenti assessori:<br \/>\n<strong> Pasquale Curr\u00f2<\/strong> (Fratelli d\u2019Italia) nato a Messina il 28\/03\/1969, imprenditore, titolare di una piccola impresa artigianale, \u00e9 laureato in economia aziendale.\u00a0 Gi\u00e0 consigliere circoscrizionale dal 2008, da sempre profonde il proprio impegno civico, occupandosi di raccogliere le istanze di diverse realt\u00e0 territoriali, con la propria opera di volontario e nella qualit\u00e0 di dirigente di partito e segretario di associazioni culturali.<br \/>\nVicepresidente della ASD GESCAL, si occupa di portare avanti il messaggio educativo dello sport nelle realt\u00e0 difficili della nostra citt\u00e0. Conoscitore, grazie al proprio attivismo civico e politico, dei problemi e delle peculiarit\u00e0 del tessuto sociale messinese, \u00e8 tra i fondatori di Fratelli d\u2019Italia Messina.<br \/>\n<strong> Giuseppa (Giusy) Marabello<\/strong> (Insieme x Messina) nata a Messina il 06\/05\/1982, laureata in Giurisprudenza (110\/110 e lode) presso l\u2019Universit\u00e0 Degli Studi Di Messina, \u00a0con laurea conseguita il 28.01.2008, \u00a0tesi di laurea in diritto civile (Relatore Professore Avv Vincenzo Scalisi) \u201cl\u2019inizio della vita umana e i diritti del concepito\u201d.\u00a0 Iscritta all\u2019albo degli avvocati presso la Corte d\u2019Appello di Messina, dal 13.04.2012, esercita la professione vantando una esperienza in diritto civile e diritto del lavoro .\u00a0 Durante la propria carriera professionale ha difeso numerosi lavoratori appartenenti al mondo della formazione professionale, risultando in Sicilia tra i pochi avvocati esperti in questo settore.<br \/>\nNel 2010 ricopre il ruolo di Professore a contratto con titolarit\u00e0 di cattedra in legislazione del turismo, presso l\u2019Universit\u00e0 telematica E Campus. Sempre presso la sopra menzionata Universit\u00e0 \u00e8 cultrice di diritto in Management del Turismo e criteri di sostenibilit\u00e0 in Diritto Pubblico Comparato.<br \/>\nNel proprio background professionale, vanta anche una esperienza come Direttore di Risorse Umane per una Ong.<br \/>\nNel 2015, riveste il ruolo di capo della Segreteria Particolare dell\u2019Assessore ai Beni Culturali e all\u2019Identit\u00e0 Siciliana Avv Carlo Vermiglio.<br \/>\n<strong> Simona Contestabile<\/strong> (Peloro 2023) nata a Messina l\u201911\/10\/1982. Dopo aver conseguito la maturit\u00e0 classica presso il liceo classico \u201cF. Maurolico\u201d, mi sono iscritta alla facolt\u00e0 di Scienze Giuridiche presso l\u2019Ateneo peloritano, conseguendo la laurea, nell\u2019anno 2005. Ho perfezionato gli studi giuridici conseguendo nell\u2019anno 2007 la laurea specialistica in Giurisprudenza, nel medesimo Ateneo, con votazione di 110\/110 e lode.<br \/>\nMi sono successivamente dedicata alla pratica professionale forense e notarile ed ho frequentato la scuola di specializzazione per le professioni legali ramo notarile conseguendo il diploma con votazione di 70\/70 e lode.\u00a0 Infine, a completamento del percorso formativo, ho conseguito nell\u2019ottobre dell\u2019anno 2010 l\u2019abilitazione alla professione di Avvocato.\u00a0 Il mio percorso nel mondo del lavoro ha avuto inizio nell\u2019agosto 2010, frequentando uno stage universitario presso la Banca di Credito Cooperativo \u201cAntonello da Messina\u201d. A conclusione dello stage sono stata assunta con la qualifica di Responsabile dell\u2019ufficio legale e contenzioso con specializzazione nella gestione NPL (Non Performing Loans). In tale contesto ho frequentato un Master Professionalizzante in gestione del credito organizzato dall\u2019Associazione Bancaria Italiana e ho conseguito il relativo attestato. Durante la mia carriera lavorativa, presso il medesimo Istituto Bancario, ho altres\u00ec svolto il ruolo di responsabile interno compliance. Attualmente, a seguito della fusione per incorporazione della BCC \u201cAntonello da Messina\u201d con la BCC \u201cLa Riscossa di Regalbuto\u201d, svolgo la mia attivit\u00e0 lavorativa, con le medesime mansioni, presso quest\u2019ultimo istituto di credito.\u00a0 Sin da giovane ho partecipato attivamente alla vita politica tra i banchi universitari e nell\u2019associazionismo giovanile. Nel 2007, ho assunto l\u2019incarico di componente del consiglio di amministrazione dell\u2019AMAM. A cavallo degli anni 2007\/2008, sono stata consulente giuridico dell\u2019ATO ME3, e ho svolto tale ruolo fino al giugno dell\u2019anno 2008 allorquando sono stata eletta in seno al civico consesso della Citt\u00e0 di Messina. Nel giugno 2013, sono stata rieletta al Consiglio comunale di Messina, e ho assunto l\u2019incarico di Presidente della Commissione Viabilit\u00e0, incarico ricoperto fino ad oggi. Nel corso dei 10 anni di mandato attivo ho frequentato diversi seminari relativi alla gestione ed organizzazione dell\u2019ente locale.\n<\/div>\n<div id=\"div-gpt-ad-Messinaoggi.it-DSK-300x250-corpoart\" style=\"text-align:center;margin:0 auto;\"><\/div><\/p><div id=\"videoincontent\" style=\"clear:both\";><\/div>","protected":false},"excerpt":{"rendered":"<p>\u201cLa coalizione, ha confermato i criteri gi\u00e0 annunciati per la designazione degli assessori, guardando alle liste che hanno riportato i maggiori consensi, pur non raggiungendo il quorum del 5% per l\u2019elezione dei propri consiglieri. La nostra \u00e8 una coalizione unita e che si basa sul rispetto delle diverse componenti che hanno contribuito al raggiungimento del [&hellip;]<\/p>\n","protected":false},"author":15,"featured_media":20643,"comment_status":"closed","ping_status":"open","sticky":false,"template":"","format":"standard","meta":{"ub_ctt_via":"","_mi_skip_tracking":false},"categories":[6],"tags":[],"featured_image_src":"https:\/\/www.messinaoggi.it\/website\/wp-content\/uploads\/2018\/06\/bramanti-1-1.jpg","author_info":{"display_name":"red.me","author_link":"https:\/\/www.messinaoggi.it\/website\/author\/red-me\/"},"digistream_id":0,"digistream":false,"_links":{"self":[{"href":"https:\/\/www.messinaoggi.it\/website\/wp-json\/wp\/v2\/posts\/20744"}],"collection":[{"href":"https:\/\/www.messinaoggi.it\/website\/wp-json\/wp\/v2\/posts"}],"about":[{"href":"https:\/\/www.messinaoggi.it\/website\/wp-json\/wp\/v2\/types\/post"}],"author":[{"embeddable":true,"href":"https:\/\/www.messinaoggi.it\/website\/wp-json\/wp\/v2\/users\/15"}],"replies":[{"embeddable":true,"href":"https:\/\/www.messinaoggi.it\/website\/wp-json\/wp\/v2\/comments?post=20744"}],"version-history":[{"count":0,"href":"https:\/\/www.messinaoggi.it\/website\/wp-json\/wp\/v2\/posts\/20744\/revisions"}],"wp:featuredmedia":[{"embeddable":true,"href":"https:\/\/www.messinaoggi.it\/website\/wp-json\/wp\/v2\/media\/20643"}],"wp:attachment":[{"href":"https:\/\/www.messinaoggi.it\/website\/wp-json\/wp\/v2\/media?parent=20744"}],"wp:term":[{"taxonomy":"category","embeddable":true,"href":"https:\/\/www.messinaoggi.it\/website\/wp-json\/wp\/v2\/categories?post=20744"},{"taxonomy":"post_tag","embeddable":true,"href":"https:\/\/www.messinaoggi.it\/website\/wp-json\/wp\/v2\/tags?post=20744"}],"curies":[{"name":"wp","href":"https:\/\/api.w.org\/{rel}","templated":true}]}}