{"id":20743,"date":"2018-06-16T16:17:19","date_gmt":"2018-06-16T14:17:19","guid":{"rendered":"http:\/\/www.messinaoggi.it\/website\/?p=20743"},"modified":"2018-06-16T16:17:19","modified_gmt":"2018-06-16T14:17:19","slug":"ballottaggio-nuovo-affondo-di-bramanti-verso-de-luca-sta-creando-un-brutto-clima","status":"publish","type":"post","link":"https:\/\/www.messinaoggi.it\/website\/2018\/06\/16\/ballottaggio-nuovo-affondo-di-bramanti-verso-de-luca-sta-creando-un-brutto-clima\/","title":{"rendered":"Ballottaggio, nuovo affondo di Bramanti verso De Luca: &quot;Sta  creando un brutto clima&quot;"},"content":{"rendered":"<p style=\"text-align: justify\">&#8220;La piega che sta prendendo questa campagna elettorale mi preoccupa, cos\u00ec come mi inquieta un clima che non rende pi\u00f9 sereno n\u00e9 me n\u00e9 i miei affetti pi\u00f9 cari. Ma pi\u00f9 di ogni altra cosa mi preoccupa il futuro di Messina, che merita di avere un sindaco che usi parole di verit\u00e0, parole di seriet\u00e0, parole di concretezza. Non mi allarmano soltanto le fake-Cateno su promesse che sa di non poter mantenere, il casin\u00f2 a Palazzo Zanca o i tram volanti, mi inquieta soprattutto un clima di continuo dileggio e denigrazione dell\u2019avversario, un clima che ha esacerbato gli animi della piazza e che mi ha visto costretto, ieri, a recarmi presso le forze dell\u2019ordine. Se inciti la piazza prima o poi ci sono rischi che vanno ben oltre gli insulti e le minacce dei leoni da tastiera che da due mesi imperversano contro me e la mia famiglia. Per questo mi sono recato in Prefettura ed in Questura per rappresentare i timori di un padre di famiglia che sinceramente vuol contribuire alla crescita di Messina, la mia citt\u00e0, la citt\u00e0 che amo ed ho appreso \u00a0che fake-Cateno, \u00a0non si \u00e8 limitato nei comizi a dire fandonie sui casin\u00f2, ma, dopo aver indirizzato le solite calunnie nei miei confronti \u00e8 andato oltre. Si \u00e8 inventato una scorta che non esiste e che nessuna forza dell\u2019ordine gli ha mai dato. E\u2019 arrivato persino a dire di aver trovato manette appese alla sua porta e che sarei stato IO il mandante\u2026..Non vorrei che la sua delirante fantasia continuasse a galoppare sempre pi\u00f9 rapidamente verso una china che \u00e8 pericolosa per tutti noi. Se davvero De Luca amasse Messina come se fosse la sua citt\u00e0, se amasse Messina come la amo io, \u00a0avrebbe a cuore le sorti di un\u2019amministrazione che necessita di serenit\u00e0 e stabilit\u00e0.<div id=\"div-gpt-ad-Messinaoggi.it-DSK-300x250-corpoart\" style=\"text-align:center;margin:0 auto;\"><\/div><\/p>\n<p class=\"ox-66c8021dc5-x_gmail-MsoNoSpacing\" style=\"text-align: justify\">Sono preoccupato per le centinaia di famiglie di chi lavora nelle partecipate che il cantastorie De Luca vuole chiudere, per le migliaia di famiglie di chi lavora al Comune e nelle circoscrizioni e che non hanno alcuna possibilit\u00e0 di essere trasformati in \u201ccroupier\u201d. Sono preoccupato perch\u00e9 senza Messinambiente, Amam, Atm, senza adeguato personale al Comune e senza circoscrizioni non potranno essere garantiti i servizi, la pulizia, il decoro. Torneremmo nell\u2019era delle caverne. Mi preoccupa il clima di esasperazione dei toni e delle accuse verso me in ogni comizio che hanno spinto numerose persone a mandarmi messaggi inquietanti ed \u00e8 questo che ho rappresentato alle forze dell\u2019ordine. Un tempo la piazza era Agor\u00e0, luogo di confronto e nel quale nascevano le idee. Oggi la piazza \u00e8 diventata arma da brandire contro il competitor elettorale. Il mio appello \u00e8 ai messinesi, affinch\u00e8 comprendano che non \u00e8 con il dileggio e con le falsit\u00e0 che si amministra una citt\u00e0. Serve la verit\u00e0 anche se non \u00e8 magari cos\u00ec allettante come un comizio di Cetto La Qualunque&#8221;.<div id=\"videoincontent\" style=\"clear:both\";><\/div><\/p>\n","protected":false},"excerpt":{"rendered":"<p>&#8220;La piega che sta prendendo questa campagna elettorale mi preoccupa, cos\u00ec come mi inquieta un clima che non rende pi\u00f9 sereno n\u00e9 me n\u00e9 i miei affetti pi\u00f9 cari. Ma pi\u00f9 di ogni altra cosa mi preoccupa il futuro di Messina, che merita di avere un sindaco che usi parole di verit\u00e0, parole di seriet\u00e0, [&hellip;]<\/p>\n","protected":false},"author":15,"featured_media":17686,"comment_status":"closed","ping_status":"open","sticky":false,"template":"","format":"standard","meta":{"ub_ctt_via":"","_mi_skip_tracking":false},"categories":[6],"tags":[],"featured_image_src":"https:\/\/www.messinaoggi.it\/website\/wp-content\/uploads\/2018\/03\/candidatura-bramanti_8209-1.jpg","author_info":{"display_name":"red.me","author_link":"https:\/\/www.messinaoggi.it\/website\/author\/red-me\/"},"digistream_id":0,"digistream":false,"_links":{"self":[{"href":"https:\/\/www.messinaoggi.it\/website\/wp-json\/wp\/v2\/posts\/20743"}],"collection":[{"href":"https:\/\/www.messinaoggi.it\/website\/wp-json\/wp\/v2\/posts"}],"about":[{"href":"https:\/\/www.messinaoggi.it\/website\/wp-json\/wp\/v2\/types\/post"}],"author":[{"embeddable":true,"href":"https:\/\/www.messinaoggi.it\/website\/wp-json\/wp\/v2\/users\/15"}],"replies":[{"embeddable":true,"href":"https:\/\/www.messinaoggi.it\/website\/wp-json\/wp\/v2\/comments?post=20743"}],"version-history":[{"count":0,"href":"https:\/\/www.messinaoggi.it\/website\/wp-json\/wp\/v2\/posts\/20743\/revisions"}],"wp:featuredmedia":[{"embeddable":true,"href":"https:\/\/www.messinaoggi.it\/website\/wp-json\/wp\/v2\/media\/17686"}],"wp:attachment":[{"href":"https:\/\/www.messinaoggi.it\/website\/wp-json\/wp\/v2\/media?parent=20743"}],"wp:term":[{"taxonomy":"category","embeddable":true,"href":"https:\/\/www.messinaoggi.it\/website\/wp-json\/wp\/v2\/categories?post=20743"},{"taxonomy":"post_tag","embeddable":true,"href":"https:\/\/www.messinaoggi.it\/website\/wp-json\/wp\/v2\/tags?post=20743"}],"curies":[{"name":"wp","href":"https:\/\/api.w.org\/{rel}","templated":true}]}}