{"id":207258,"date":"2024-08-04T12:08:03","date_gmt":"2024-08-04T10:08:03","guid":{"rendered":"https:\/\/www.messinaoggi.it\/website\/2024\/08\/04\/mattarella-strage-dellitalicus-e-parte-della-stagione-stragista-neofascista\/"},"modified":"2024-08-04T12:08:03","modified_gmt":"2024-08-04T10:08:03","slug":"mattarella-strage-dellitalicus-e-parte-della-stagione-stragista-neofascista","status":"publish","type":"post","link":"https:\/\/www.messinaoggi.it\/website\/2024\/08\/04\/mattarella-strage-dellitalicus-e-parte-della-stagione-stragista-neofascista\/","title":{"rendered":"Mattarella \u201cStrage dell\u2019Italicus \u00e8 parte della stagione stragista neofascista\u201d"},"content":{"rendered":"<div>ROMA (ITALPRESS) &#8211; &#8220;Cinquant&#8217;anni fa la strategia terroristica che mirava a destabilizzare la Repubblica colp\u00ec il treno Italicus a San Benedetto Val di Sambro, seminando morte e dolore. Era un convoglio diretto in Germania, affollato di viaggiatori, molti dei quali migranti che tornavano al lavoro. Undici passeggeri morirono nell&#8217;incendio che segu\u00ec l&#8217;esplosione. La dodicesima vittima fu un ferroviere, Silver Sirotti, medaglia d&#8217;oro al valor civile per il suo eroismo: perse la vita salvandone molte altre. La sua generosit\u00e0, unita a un grande coraggio, costituisce una testimonianza imperitura di quei valori di umanit\u00e0 e solidariet\u00e0, che gli assassini e i loro complici volevano sradicare&#8221;. Cos\u00ec il Presidente della Repubblica, Sergio Mattarella, che aggiunge: &#8220;Nel giorno dell&#8217;anniversario rinnoviamo i sentimenti di vicinanza e condivisione della Repubblica ai familiari delle vittime e ai tanti feriti. Nella catena sanguinosa della stagione stragista dell&#8217;estrema destra italiana, di cui la strage dell&#8217;Italicus \u00e8 parte significativa, emerge la matrice neofascista, come sottolineato dalla sentenza della Corte di Cassazione e dalle conclusioni della Commissione parlamentare d&#8217;inchiesta sulla loggia P2, pur se i procedimenti giudiziari non hanno portato alla espressa condanna di responsabili.<br \/>La societ\u00e0 italiana e le sue Istituzioni seppero respingere quell&#8217;attacco alla convivenza civile grazie alla forza e alla coesione dell&#8217;unit\u00e0 della comunit\u00e0 nazionale, fondata sui principi della nostra Costituzione&#8221;.<br \/>&#8211; foto ufficio stampa Quirinale &#8211;<br \/>(ITALPRESS).<\/div>\n<div id=\"div-gpt-ad-Messinaoggi.it-DSK-300x250-corpoart\" style=\"text-align:center;margin:0 auto;\"><\/div><\/p><div id=\"videoincontent\" style=\"clear:both\";><\/div>","protected":false},"excerpt":{"rendered":"<p>ROMA (ITALPRESS) &#8211; &#8220;Cinquant&#8217;anni fa la strategia terroristica che mirava a destabilizzare la Repubblica colp\u00ec il treno Italicus a San Benedetto Val di Sambro, seminando morte e dolore. Era un convoglio diretto in Germania, affollato di viaggiatori, molti dei quali migranti che tornavano al lavoro. Undici passeggeri morirono nell&#8217;incendio che segu\u00ec l&#8217;esplosione. La dodicesima vittima [&hellip;]<\/p>\n","protected":false},"author":18,"featured_media":207259,"comment_status":"closed","ping_status":"closed","sticky":false,"template":"","format":"standard","meta":{"ub_ctt_via":"","_mi_skip_tracking":false},"categories":[446],"tags":[783],"featured_image_src":"https:\/\/www.messinaoggi.it\/website\/wp-content\/uploads\/2024\/08\/20240804_0120.jpg","author_info":{"display_name":"Admin","author_link":"https:\/\/www.messinaoggi.it\/website\/author\/admin\/"},"digistream_id":0,"digistream":false,"_links":{"self":[{"href":"https:\/\/www.messinaoggi.it\/website\/wp-json\/wp\/v2\/posts\/207258"}],"collection":[{"href":"https:\/\/www.messinaoggi.it\/website\/wp-json\/wp\/v2\/posts"}],"about":[{"href":"https:\/\/www.messinaoggi.it\/website\/wp-json\/wp\/v2\/types\/post"}],"author":[{"embeddable":true,"href":"https:\/\/www.messinaoggi.it\/website\/wp-json\/wp\/v2\/users\/18"}],"replies":[{"embeddable":true,"href":"https:\/\/www.messinaoggi.it\/website\/wp-json\/wp\/v2\/comments?post=207258"}],"version-history":[{"count":0,"href":"https:\/\/www.messinaoggi.it\/website\/wp-json\/wp\/v2\/posts\/207258\/revisions"}],"wp:featuredmedia":[{"embeddable":true,"href":"https:\/\/www.messinaoggi.it\/website\/wp-json\/wp\/v2\/media\/207259"}],"wp:attachment":[{"href":"https:\/\/www.messinaoggi.it\/website\/wp-json\/wp\/v2\/media?parent=207258"}],"wp:term":[{"taxonomy":"category","embeddable":true,"href":"https:\/\/www.messinaoggi.it\/website\/wp-json\/wp\/v2\/categories?post=207258"},{"taxonomy":"post_tag","embeddable":true,"href":"https:\/\/www.messinaoggi.it\/website\/wp-json\/wp\/v2\/tags?post=207258"}],"curies":[{"name":"wp","href":"https:\/\/api.w.org\/{rel}","templated":true}]}}