{"id":20722,"date":"2018-06-16T09:33:21","date_gmt":"2018-06-16T07:33:21","guid":{"rendered":"http:\/\/www.messinaoggi.it\/website\/?p=20722"},"modified":"2018-06-16T09:33:21","modified_gmt":"2018-06-16T07:33:21","slug":"ballottaggio-avvocato-salonia-bramanti-ipotizza-arresto-de-luca-grave","status":"publish","type":"post","link":"https:\/\/www.messinaoggi.it\/website\/2018\/06\/16\/ballottaggio-avvocato-salonia-bramanti-ipotizza-arresto-de-luca-grave\/","title":{"rendered":"Ballottaggio, avvocato Salonia: &quot;Bramanti ipotizza arresto De Luca? Grave&quot;"},"content":{"rendered":"<p>\u201c<em>Beati i perseguitati per causa della giustizia, dichiarava solennemente Ges\u00f9 Cristo nel discorso delle beatitudini o della Montagna citato dall\u2019Evangelista Matteo nel suo vangelo (Mt 5,10) . E\u2019 sicuro che Cateno De Luca sia un perseguitato per \u2018causa della giustizia\u2019, come lo \u00e8 stato nella massima espressione lo stesso Ges\u00f9 Cristo. Ecco perch\u00e9 viene attaccato dai suoi avversari politici\u201d.<\/em> \u00a0A dirlo l&#8217;avvocato Ernesto Dimitri Salonia, presidente della Fondazione Salonia e artista conosciuto in ambito internazionale riferendosi alla polemica nata tra i candidati a sindaco Bramanti e De Luca, dopo che il primo in un comizio ha attaccato De Luca dicendo che potrebbe essere eletto e poi arrestato.<br \/>\n\u201c<em>Coloro \u2013 prosegue il presidente della Fondazione Salonia &#8211; \u00a0che perseguitano Cateno De Luca \u2018per causa della Giustizia\u2019 non sono i magistrati (che fanno solo il loro dovere non avendo alcun interesse a perseguitare De Luca, tanto \u00e8 vero che lo hanno sempre assolto o scagionato), bens\u00ec i suoi avversari politici come Bramanti, che ha tutto l\u2019interesse\u00a0 a servirsi della giustizia, cio\u00e8 dei processi incardinati (senza successo) a carico dell\u2019On. Cateno De Luca per guadagnare voti nella campagna elettorale\u201d.\u00a0 <\/em><br \/>\n<em>&#8220;Ecco perch\u00e9 la Fondazione Salonia in omaggio ai principi solennemente sanciti nel suo statuto vuole tutelare il diritto primario di Cateno De Luca alla sua reputazione e onorabilit\u00e0 e alla libera iniziativa politica, in coerenza con i principi dettati dalla Costituzione. Difatti, \u00e8 grave che Bramanti, in un comizio seguito da migliaia di persone, addirittura ipotizzi un arresto di De Luca, senza che ce ne siano assolutamente i presupposti. Se la sua \u00e8 soltanto una trovata elettorale, oltre ad essere di cattivo gusto, dimostra che il candidato del Centrodestra \u00e8 con l\u2019acqua alla gola e cerca in tutti i modi di orientare l\u2019elettorato, ma senza risultati. Se invece, lui sa qualcosa, palesa che qualcuno lo ha avvertito e quindi potrebbero esistere delle connivenze con alcuni potenti che vorrebbero colpire De Luca, non per reati esistenti, ma solo per ragioni politiche. E\u2019 una forma insostenibile di intimidazione visti anche i precedenti dell\u2019on. De Luca. Ci sembra di tornare anni indietro, quando per motivi di opportunit\u00e0 un camorrista incolp\u00f2 Enzo \u00a0Tortora, che era completamente innocente e divent\u00f2 un martire della Giustizia, infangando il nome di una persona che si era sempre comportato con lineareit\u00e0 e autorevolezza. La competizione elettorale non pu\u00f2 essere falsata. Il \u201cmostro De Luca\u201d, cosi come viene indicato da lobby e avversari, sicuramente non sar\u00e0 martire della Giustizia, ma sapr\u00e0 trovare come sempre l\u2019idea per reagire ad accuse infamanti, smontando l\u2019ipocrisia di castelli di sabbia costruiti sul fango\u201d. <\/em><div id=\"div-gpt-ad-Messinaoggi.it-DSK-300x250-corpoart\" style=\"text-align:center;margin:0 auto;\"><\/div><\/p>\n<div id=\"videoincontent\" style=\"clear:both\";><\/div>","protected":false},"excerpt":{"rendered":"<p>\u201cBeati i perseguitati per causa della giustizia, dichiarava solennemente Ges\u00f9 Cristo nel discorso delle beatitudini o della Montagna citato dall\u2019Evangelista Matteo nel suo vangelo (Mt 5,10) . E\u2019 sicuro che Cateno De Luca sia un perseguitato per \u2018causa della giustizia\u2019, come lo \u00e8 stato nella massima espressione lo stesso Ges\u00f9 Cristo. Ecco perch\u00e9 viene attaccato [&hellip;]<\/p>\n","protected":false},"author":15,"featured_media":20508,"comment_status":"closed","ping_status":"open","sticky":false,"template":"","format":"standard","meta":{"ub_ctt_via":"","_mi_skip_tracking":false},"categories":[6],"tags":[],"featured_image_src":"https:\/\/www.messinaoggi.it\/website\/wp-content\/uploads\/2018\/06\/de-luca-bramanti-collage-800x445-messinaoggiMarcyRuggi-1.jpg","author_info":{"display_name":"red.me","author_link":"https:\/\/www.messinaoggi.it\/website\/author\/red-me\/"},"digistream_id":0,"digistream":false,"_links":{"self":[{"href":"https:\/\/www.messinaoggi.it\/website\/wp-json\/wp\/v2\/posts\/20722"}],"collection":[{"href":"https:\/\/www.messinaoggi.it\/website\/wp-json\/wp\/v2\/posts"}],"about":[{"href":"https:\/\/www.messinaoggi.it\/website\/wp-json\/wp\/v2\/types\/post"}],"author":[{"embeddable":true,"href":"https:\/\/www.messinaoggi.it\/website\/wp-json\/wp\/v2\/users\/15"}],"replies":[{"embeddable":true,"href":"https:\/\/www.messinaoggi.it\/website\/wp-json\/wp\/v2\/comments?post=20722"}],"version-history":[{"count":0,"href":"https:\/\/www.messinaoggi.it\/website\/wp-json\/wp\/v2\/posts\/20722\/revisions"}],"wp:featuredmedia":[{"embeddable":true,"href":"https:\/\/www.messinaoggi.it\/website\/wp-json\/wp\/v2\/media\/20508"}],"wp:attachment":[{"href":"https:\/\/www.messinaoggi.it\/website\/wp-json\/wp\/v2\/media?parent=20722"}],"wp:term":[{"taxonomy":"category","embeddable":true,"href":"https:\/\/www.messinaoggi.it\/website\/wp-json\/wp\/v2\/categories?post=20722"},{"taxonomy":"post_tag","embeddable":true,"href":"https:\/\/www.messinaoggi.it\/website\/wp-json\/wp\/v2\/tags?post=20722"}],"curies":[{"name":"wp","href":"https:\/\/api.w.org\/{rel}","templated":true}]}}