{"id":207196,"date":"2024-08-02T21:08:01","date_gmt":"2024-08-02T19:08:01","guid":{"rendered":"https:\/\/www.messinaoggi.it\/website\/2024\/08\/02\/liguria-toti-pronto-a-metterci-il-mio-nome-se-sara-utile\/"},"modified":"2024-08-02T21:08:01","modified_gmt":"2024-08-02T19:08:01","slug":"liguria-toti-pronto-a-metterci-il-mio-nome-se-sara-utile","status":"publish","type":"post","link":"https:\/\/www.messinaoggi.it\/website\/2024\/08\/02\/liguria-toti-pronto-a-metterci-il-mio-nome-se-sara-utile\/","title":{"rendered":"Liguria, Toti \u201cPronto a metterci il mio nome se sar\u00e0 utile\u201d"},"content":{"rendered":"<div>GENOVA (ITALPRESS) &#8211; Ci sar\u00e0 il nome di Toti sulle liste per le elezioni regionali in Liguria? Lo decideremo in futuro. Tengo al mio nome, ma se \u00e8 utile mettere insieme in un&#8217;esperienza pi\u00f9 ampia, la Lista Toti confluir\u00e0 in un&#8217;esperienza pi\u00f9 ampia. Se si ritiene utile spendere il mio nome in memoria di questi nove anni di governo, non ho problemi a metterci il nome, ma fisicamente io non ci sar\u00f2&#8221;. Lo ha detto l&#8217;ex presidente ligure in una conferenza stampa dopo aver incontrato gli esponenti della sua lista civica. <div id=\"div-gpt-ad-Messinaoggi.it-DSK-300x250-corpoart\" style=\"text-align:center;margin:0 auto;\"><\/div><\/p>\n<p>foto: xa8\/Italpress<div id=\"videoincontent\" style=\"clear:both\";><\/div><\/p>\n<p>(ITALPRESS).<\/p><\/div>\n","protected":false},"excerpt":{"rendered":"<p>GENOVA (ITALPRESS) &#8211; Ci sar\u00e0 il nome di Toti sulle liste per le elezioni regionali in Liguria? Lo decideremo in futuro. Tengo al mio nome, ma se \u00e8 utile mettere insieme in un&#8217;esperienza pi\u00f9 ampia, la Lista Toti confluir\u00e0 in un&#8217;esperienza pi\u00f9 ampia. Se si ritiene utile spendere il mio nome in memoria di questi [&hellip;]<\/p>\n","protected":false},"author":18,"featured_media":207197,"comment_status":"closed","ping_status":"closed","sticky":false,"template":"","format":"standard","meta":{"ub_ctt_via":"","_mi_skip_tracking":false},"categories":[446],"tags":[783],"featured_image_src":"https:\/\/www.messinaoggi.it\/website\/wp-content\/uploads\/2024\/08\/20240802_1831.jpg","author_info":{"display_name":"Admin","author_link":"https:\/\/www.messinaoggi.it\/website\/author\/admin\/"},"digistream_id":0,"digistream":false,"_links":{"self":[{"href":"https:\/\/www.messinaoggi.it\/website\/wp-json\/wp\/v2\/posts\/207196"}],"collection":[{"href":"https:\/\/www.messinaoggi.it\/website\/wp-json\/wp\/v2\/posts"}],"about":[{"href":"https:\/\/www.messinaoggi.it\/website\/wp-json\/wp\/v2\/types\/post"}],"author":[{"embeddable":true,"href":"https:\/\/www.messinaoggi.it\/website\/wp-json\/wp\/v2\/users\/18"}],"replies":[{"embeddable":true,"href":"https:\/\/www.messinaoggi.it\/website\/wp-json\/wp\/v2\/comments?post=207196"}],"version-history":[{"count":0,"href":"https:\/\/www.messinaoggi.it\/website\/wp-json\/wp\/v2\/posts\/207196\/revisions"}],"wp:featuredmedia":[{"embeddable":true,"href":"https:\/\/www.messinaoggi.it\/website\/wp-json\/wp\/v2\/media\/207197"}],"wp:attachment":[{"href":"https:\/\/www.messinaoggi.it\/website\/wp-json\/wp\/v2\/media?parent=207196"}],"wp:term":[{"taxonomy":"category","embeddable":true,"href":"https:\/\/www.messinaoggi.it\/website\/wp-json\/wp\/v2\/categories?post=207196"},{"taxonomy":"post_tag","embeddable":true,"href":"https:\/\/www.messinaoggi.it\/website\/wp-json\/wp\/v2\/tags?post=207196"}],"curies":[{"name":"wp","href":"https:\/\/api.w.org\/{rel}","templated":true}]}}