{"id":207152,"date":"2024-08-02T15:08:03","date_gmt":"2024-08-02T13:08:03","guid":{"rendered":"https:\/\/www.messinaoggi.it\/website\/2024\/08\/02\/khephren-thuram-la-juve-un-sogno-che-era-nel-mio-destino\/"},"modified":"2024-08-02T15:08:03","modified_gmt":"2024-08-02T13:08:03","slug":"khephren-thuram-la-juve-un-sogno-che-era-nel-mio-destino","status":"publish","type":"post","link":"https:\/\/www.messinaoggi.it\/website\/2024\/08\/02\/khephren-thuram-la-juve-un-sogno-che-era-nel-mio-destino\/","title":{"rendered":"Khephren Thuram \u201cLa Juve un sogno che era nel mio destino\u201d"},"content":{"rendered":"<div>TORINO (ITALPRESS) &#8211; &#8220;Questa settimana \u00e8 andata molto bene, lavoro bene con il gruppo e con il mister&#8221;. Queste le prime dichiarazioni da giocatore della Juventus, Khephren Thuram, centrocampista e figlio d&#8217;arte, visto che il pap\u00e0, il grande Lilian, \u00e8 stato un difensore della Juve e della Francia campione del mondo. &#8220;Mio padre mi ha detto che sono arrivato nella pi\u00f9 grande squadra d&#8217;Italia e per lui del mondo, mi ha detto di vivere al meglio ogni momento che vivr\u00f2 qui. Sar\u00e0 una grande occasione di apprendimento e di crescita come uomo e come giocatore&#8221;, spiega Khephren che parla anche del fratello Marcus, attaccante dell&#8217;Inter campione d&#8217;Italia. &#8220;Dice che sono io il pi\u00f9 forte? Perch\u00e8 mi vuole tanto bene &#8211; sorride lo juventino -, secondo me lui \u00e8 pi\u00f9 forte, sono felice per lui che ha fatto una grande carriera, \u00e8 arrivato in Nazionale, per me \u00e8 un modello, \u00e8 il migliore di noi fratelli, fa l&#8217;attaccante, il ruolo pi\u00f9 difficile, fa gol e assist&#8221;. Il grande all&#8217;Inter, lui, pi\u00f9 piccolo, alla Juve. &#8220;La prima volta che ho parlato con Giuntoli e poi con il mister mi sembrava un sogno. Per me la Juventus \u00e8 un sogno che si avvera, la desideravo sin da bambino, qui hanno giocato tanti giocatori francesi di grande prestigio, questa maglia ha un grande significato e da un p\u00f2 di giorni quando mi sveglio penso di avere una grande fortuna a poterla indossare. Ero piccolo quando mio padre ha vinto gli scudetti con la Juve &#8211; dice il classe 2001 -. Spero di vincerne anche io, mio pap\u00e0 sar\u00e0 contento se dovessi vincere lo scudetto come lo \u00e8 stato per mio fratello che ha vinto con l&#8217;Inter, ai suoi occhi siamo i suoi figli e non ha preferenze&#8221;. Da Farioli che lo ha guidato al Nizza alla Juventus che ha scelto Thiago Motta. &#8220;Trovo un mister che \u00e8 stato un giocatore eccezionale, molto intelligente, so che posso imparare molto da lui e che potr\u00e0 rispondere a tutte le mie domande, ha avuto una grande importanza la sua presenza per me. Farioli? Lui \u00e8 stato molto importante per me, mi ha dato fiducia, mi ha parlato tanto, eravamo una squadra giovane e lui si aspettava molto da me, mi vedeva come un leader, lui e il suo staff mi hanno aiutato molto&#8221;, ha spiegato Thuram che ha in &#8220;Pogba e Vieira&#8221; i suoi idoli. E non poteva essere altrimenti per un centrocampista francese, appena arrivato alla Juventus. Entrambi i suoi idoli, senza dimenticare pap\u00e0 Lilian, hanno indossato la maglia della nazionale francese e della Juve e quello bianconero, per Khephren Thuram, non pu\u00f2 essere un club come gli altri. &#8220;S\u00ec questa squadra \u00e8 nel mio destino, la prima volta che la Juve si \u00e8 interessata a me avevo 17 anni ed ero al Monaco, ero giovane, volevo giocare e crescere, quindi sono andato al Nizza&#8221;. A proposito di idoli ed ex bianconeri, lavora e ha lavorato con giocatori, ora allenatori, del calibro di Deschamps, Henry e Vieira e in particolare gli ultimi due gli hanno &#8220;dato tanti consigli, mi hanno detto che ora che sono alla Juve la mia carriera sta prendendo il largo, sono molto orgogliosi per me e io sono grato per i loro consigli&#8221;.<br \/>\n&#8211; Foto Ipa Agency &#8211;<br \/>\n(ITALPRESS).<\/div>\n<div id=\"div-gpt-ad-Messinaoggi.it-DSK-300x250-corpoart\" style=\"text-align:center;margin:0 auto;\"><\/div><\/p><div id=\"videoincontent\" style=\"clear:both\";><\/div>","protected":false},"excerpt":{"rendered":"<p>TORINO (ITALPRESS) &#8211; &#8220;Questa settimana \u00e8 andata molto bene, lavoro bene con il gruppo e con il mister&#8221;. Queste le prime dichiarazioni da giocatore della Juventus, Khephren Thuram, centrocampista e figlio d&#8217;arte, visto che il pap\u00e0, il grande Lilian, \u00e8 stato un difensore della Juve e della Francia campione del mondo. &#8220;Mio padre mi ha [&hellip;]<\/p>\n","protected":false},"author":18,"featured_media":207153,"comment_status":"closed","ping_status":"closed","sticky":false,"template":"","format":"standard","meta":{"ub_ctt_via":"","_mi_skip_tracking":false},"categories":[446],"tags":[783],"featured_image_src":"https:\/\/www.messinaoggi.it\/website\/wp-content\/uploads\/2024\/08\/20240802_0740.jpg","author_info":{"display_name":"Admin","author_link":"https:\/\/www.messinaoggi.it\/website\/author\/admin\/"},"digistream_id":0,"digistream":false,"_links":{"self":[{"href":"https:\/\/www.messinaoggi.it\/website\/wp-json\/wp\/v2\/posts\/207152"}],"collection":[{"href":"https:\/\/www.messinaoggi.it\/website\/wp-json\/wp\/v2\/posts"}],"about":[{"href":"https:\/\/www.messinaoggi.it\/website\/wp-json\/wp\/v2\/types\/post"}],"author":[{"embeddable":true,"href":"https:\/\/www.messinaoggi.it\/website\/wp-json\/wp\/v2\/users\/18"}],"replies":[{"embeddable":true,"href":"https:\/\/www.messinaoggi.it\/website\/wp-json\/wp\/v2\/comments?post=207152"}],"version-history":[{"count":0,"href":"https:\/\/www.messinaoggi.it\/website\/wp-json\/wp\/v2\/posts\/207152\/revisions"}],"wp:featuredmedia":[{"embeddable":true,"href":"https:\/\/www.messinaoggi.it\/website\/wp-json\/wp\/v2\/media\/207153"}],"wp:attachment":[{"href":"https:\/\/www.messinaoggi.it\/website\/wp-json\/wp\/v2\/media?parent=207152"}],"wp:term":[{"taxonomy":"category","embeddable":true,"href":"https:\/\/www.messinaoggi.it\/website\/wp-json\/wp\/v2\/categories?post=207152"},{"taxonomy":"post_tag","embeddable":true,"href":"https:\/\/www.messinaoggi.it\/website\/wp-json\/wp\/v2\/tags?post=207152"}],"curies":[{"name":"wp","href":"https:\/\/api.w.org\/{rel}","templated":true}]}}