{"id":207128,"date":"2024-08-15T18:56:39","date_gmt":"2024-08-15T16:56:39","guid":{"rendered":"http:\/\/www.messinaoggi.it\/website\/?p=207128"},"modified":"2024-08-15T18:56:41","modified_gmt":"2024-08-15T16:56:41","slug":"torna-la-rassegna-popolare-ibbisota-allinsegna-della-sicilianita","status":"publish","type":"post","link":"https:\/\/www.messinaoggi.it\/website\/2024\/08\/15\/torna-la-rassegna-popolare-ibbisota-allinsegna-della-sicilianita\/","title":{"rendered":"Torna la Rassegna popolare ibbisota, all&#8217;insegna della sicilianit\u00e0"},"content":{"rendered":"\n<p>Torna nello splendido borgo di Gesso, nei monti peloritani di Messina, la nona edizione delle Rassegna Popolare Ibbisota &#8211; Sagra del Cannolo e sfilata dei Carretti Siciliani.<div id=\"div-gpt-ad-Messinaoggi.it-DSK-300x250-corpoart\" style=\"text-align:center;margin:0 auto;\"><\/div><\/p>\n\n\n\n<p>Riparte dal successo dell&#8217;anno scorso dove la ottava edizione ha raggiunto l&#8217;apice del successo del lungo percorso della manifestazione, contando nell&#8217;unica giornata del 16 Agosto oltre 5000 visitatori e la presenza dei media locali e negli anni passati nazionali, che hanno raccontato, con dei servizi sui Tg di Rai 2 e di Rai 3, la grande riuscita dell&#8217;evento.<div id=\"videoincontent\" style=\"clear:both\";><\/div><\/p>\n\n\n\n<p>Per questo motivo la nona edizione torner\u00e0 con maggiore entusiasmo, proponendo come ogni edizione passata un programma ricco di Sicilianit\u00e0 e altrettante sorprese.<\/p>\n\n\n\n<p>Faranno parte della nona rassegna, l&#8217;immancabile sfilata dei carretti siciliani per le vie del villaggio, i balli folk della cultura agropastorale, i laboratori artistici per la strada e quest&#8217;anno anche uno spettacolo comico con il messinese Doc <strong>Denny Napoli<\/strong>.<\/p>\n\n\n\n<p>La sicilianit\u00e0, non \u00e8 solo musica, cultura e teatro, ma \u00e8 soprattutto cibo, per cui tornano i cooprotagonisti della manifestazione, ovvero i cannoli siciliani, considerati tra i dolci pi\u00f9 buoni e famosi al mondo, riempiti al momento negli stand gastronomici con oltre 3 variet\u00e0 diverse, accompagnati dallo zibibbo.<\/p>\n\n\n\n<p>Saranno inoltre presenti altre prelibatezze dello street food siciliano e non solo, tra cui i celebri &#8220;arrosticini&#8221; abruzzesi.<\/p>\n\n\n\n<p>L&#8217;appuntamento \u00e8 domani, in piazza, per il 16 agosto 2024, a Gesso.<\/p>\n\n\n\n<p>Ecco la locandina:<\/p>\n\n\n\n<figure class=\"wp-block-image size-large\"><img loading=\"lazy\" width=\"705\" height=\"1024\" src=\"http:\/\/www.messinaoggi.it\/website\/wp-content\/uploads\/2024\/08\/IMG-20240802-WA00101-705x1024.jpg\" alt=\"\" class=\"wp-image-208191\" srcset=\"https:\/\/www.messinaoggi.it\/website\/wp-content\/uploads\/2024\/08\/IMG-20240802-WA00101-705x1024.jpg 705w, https:\/\/www.messinaoggi.it\/website\/wp-content\/uploads\/2024\/08\/IMG-20240802-WA00101-207x300.jpg 207w, https:\/\/www.messinaoggi.it\/website\/wp-content\/uploads\/2024\/08\/IMG-20240802-WA00101-768x1115.jpg 768w, https:\/\/www.messinaoggi.it\/website\/wp-content\/uploads\/2024\/08\/IMG-20240802-WA00101-1058x1536.jpg 1058w, https:\/\/www.messinaoggi.it\/website\/wp-content\/uploads\/2024\/08\/IMG-20240802-WA00101.jpg 1102w\" sizes=\"(max-width: 705px) 100vw, 705px\" \/><\/figure>\n","protected":false},"excerpt":{"rendered":"<p>Torna nello splendido borgo di Gesso, nei monti peloritani di Messina, la nona edizione delle Rassegna Popolare Ibbisota &#8211; Sagra del Cannolo e sfilata dei Carretti Siciliani. Riparte dal successo dell&#8217;anno scorso dove la ottava edizione ha raggiunto l&#8217;apice del successo del lungo percorso della manifestazione, contando nell&#8217;unica giornata del 16 Agosto oltre 5000 visitatori [&hellip;]<\/p>\n","protected":false},"author":15,"featured_media":208190,"comment_status":"open","ping_status":"open","sticky":false,"template":"","format":"standard","meta":{"ub_ctt_via":"","_mi_skip_tracking":false},"categories":[13,14],"tags":[10301,2189,10300],"featured_image_src":"https:\/\/www.messinaoggi.it\/website\/wp-content\/uploads\/2024\/08\/IMG-20240802-WA0010-e1723740963684.jpg","author_info":{"display_name":"red.me","author_link":"https:\/\/www.messinaoggi.it\/website\/author\/red-me\/"},"digistream_id":0,"digistream":false,"_links":{"self":[{"href":"https:\/\/www.messinaoggi.it\/website\/wp-json\/wp\/v2\/posts\/207128"}],"collection":[{"href":"https:\/\/www.messinaoggi.it\/website\/wp-json\/wp\/v2\/posts"}],"about":[{"href":"https:\/\/www.messinaoggi.it\/website\/wp-json\/wp\/v2\/types\/post"}],"author":[{"embeddable":true,"href":"https:\/\/www.messinaoggi.it\/website\/wp-json\/wp\/v2\/users\/15"}],"replies":[{"embeddable":true,"href":"https:\/\/www.messinaoggi.it\/website\/wp-json\/wp\/v2\/comments?post=207128"}],"version-history":[{"count":6,"href":"https:\/\/www.messinaoggi.it\/website\/wp-json\/wp\/v2\/posts\/207128\/revisions"}],"predecessor-version":[{"id":208192,"href":"https:\/\/www.messinaoggi.it\/website\/wp-json\/wp\/v2\/posts\/207128\/revisions\/208192"}],"wp:featuredmedia":[{"embeddable":true,"href":"https:\/\/www.messinaoggi.it\/website\/wp-json\/wp\/v2\/media\/208190"}],"wp:attachment":[{"href":"https:\/\/www.messinaoggi.it\/website\/wp-json\/wp\/v2\/media?parent=207128"}],"wp:term":[{"taxonomy":"category","embeddable":true,"href":"https:\/\/www.messinaoggi.it\/website\/wp-json\/wp\/v2\/categories?post=207128"},{"taxonomy":"post_tag","embeddable":true,"href":"https:\/\/www.messinaoggi.it\/website\/wp-json\/wp\/v2\/tags?post=207128"}],"curies":[{"name":"wp","href":"https:\/\/api.w.org\/{rel}","templated":true}]}}