{"id":207117,"date":"2024-08-02T11:08:03","date_gmt":"2024-08-02T09:08:03","guid":{"rendered":"https:\/\/www.messinaoggi.it\/website\/2024\/08\/02\/strage-bologna-mattarella-attacco-feroce-alla-convivenza-degli-italiani\/"},"modified":"2024-08-02T11:08:03","modified_gmt":"2024-08-02T09:08:03","slug":"strage-bologna-mattarella-attacco-feroce-alla-convivenza-degli-italiani","status":"publish","type":"post","link":"https:\/\/www.messinaoggi.it\/website\/2024\/08\/02\/strage-bologna-mattarella-attacco-feroce-alla-convivenza-degli-italiani\/","title":{"rendered":"Strage Bologna, Mattarella \u201cAttacco feroce alla convivenza degli italiani\u201d"},"content":{"rendered":"<div>ROMA (ITALPRESS) &#8211; &#8220;I morti, le immagini della Stazione di Bologna devastata, l&#8217;attacco feroce alla convivenza degli italiani, hanno impresso un segno indelebile, il 2 agosto 1980, nella identit\u00e0 della Repubblica e nella coscienza del popolo italiano. La memoria non \u00e8 soltanto un dovere ma \u00e8 l&#8217;espressione consapevole di quella cittadinanza espressa nei valori costituzionali che la violenza terroristica voleva colpire e abbattere&#8221;. Cos\u00ec il presidente della Repubblica, Sergio Mattarella, nella ricorrenza dell&#8217;anniversario della strage alla stazione di Bologna del 2 agosto del 1980.<br \/>&#8220;Con profondi sentimenti di solidariet\u00e0, quarantaquattro anni dopo l&#8217;attentato, ci uniamo ai familiari delle vittime e alla Citt\u00e0 di Bologna, teatro di una spietata strategia eversiva neofascista nutrita di complicit\u00e0 annidate in consorterie sovversive che hanno tentato di aggredire la libert\u00e0 conquistata dagli italiani &#8211; sottolinea il Capo dello Stato -. A Bologna si consum\u00f2 uno degli eventi pi\u00f9 tragici della nostra storia repubblicana. Una ferita insanabile, monito permanente da consegnare alle giovani generazioni unitamente ai valori della risposta democratica della nostra Patria, che hanno consentito il riscatto e, nell&#8217;unit\u00e0 della nostra comunit\u00e0, la salvaguardia del bene comune&#8221;.<br \/>&#8211; foto Agenzia Fotogramma &#8211;<br \/>(ITALPRESS).<\/div>\n<div id=\"div-gpt-ad-Messinaoggi.it-DSK-300x250-corpoart\" style=\"text-align:center;margin:0 auto;\"><\/div><\/p><div id=\"videoincontent\" style=\"clear:both\";><\/div>","protected":false},"excerpt":{"rendered":"<p>ROMA (ITALPRESS) &#8211; &#8220;I morti, le immagini della Stazione di Bologna devastata, l&#8217;attacco feroce alla convivenza degli italiani, hanno impresso un segno indelebile, il 2 agosto 1980, nella identit\u00e0 della Repubblica e nella coscienza del popolo italiano. La memoria non \u00e8 soltanto un dovere ma \u00e8 l&#8217;espressione consapevole di quella cittadinanza espressa nei valori costituzionali [&hellip;]<\/p>\n","protected":false},"author":18,"featured_media":207118,"comment_status":"closed","ping_status":"closed","sticky":false,"template":"","format":"standard","meta":{"ub_ctt_via":"","_mi_skip_tracking":false},"categories":[446],"tags":[783],"featured_image_src":"https:\/\/www.messinaoggi.it\/website\/wp-content\/uploads\/2024\/08\/20240802_0092.jpg","author_info":{"display_name":"Admin","author_link":"https:\/\/www.messinaoggi.it\/website\/author\/admin\/"},"digistream_id":0,"digistream":false,"_links":{"self":[{"href":"https:\/\/www.messinaoggi.it\/website\/wp-json\/wp\/v2\/posts\/207117"}],"collection":[{"href":"https:\/\/www.messinaoggi.it\/website\/wp-json\/wp\/v2\/posts"}],"about":[{"href":"https:\/\/www.messinaoggi.it\/website\/wp-json\/wp\/v2\/types\/post"}],"author":[{"embeddable":true,"href":"https:\/\/www.messinaoggi.it\/website\/wp-json\/wp\/v2\/users\/18"}],"replies":[{"embeddable":true,"href":"https:\/\/www.messinaoggi.it\/website\/wp-json\/wp\/v2\/comments?post=207117"}],"version-history":[{"count":0,"href":"https:\/\/www.messinaoggi.it\/website\/wp-json\/wp\/v2\/posts\/207117\/revisions"}],"wp:featuredmedia":[{"embeddable":true,"href":"https:\/\/www.messinaoggi.it\/website\/wp-json\/wp\/v2\/media\/207118"}],"wp:attachment":[{"href":"https:\/\/www.messinaoggi.it\/website\/wp-json\/wp\/v2\/media?parent=207117"}],"wp:term":[{"taxonomy":"category","embeddable":true,"href":"https:\/\/www.messinaoggi.it\/website\/wp-json\/wp\/v2\/categories?post=207117"},{"taxonomy":"post_tag","embeddable":true,"href":"https:\/\/www.messinaoggi.it\/website\/wp-json\/wp\/v2\/tags?post=207117"}],"curies":[{"name":"wp","href":"https:\/\/api.w.org\/{rel}","templated":true}]}}