{"id":207115,"date":"2024-08-02T11:08:01","date_gmt":"2024-08-02T09:08:01","guid":{"rendered":"https:\/\/www.messinaoggi.it\/website\/2024\/08\/02\/piantedosi-lantifascismo-e-e-deve-rimanere-un-valore-condiviso\/"},"modified":"2024-08-02T11:08:01","modified_gmt":"2024-08-02T09:08:01","slug":"piantedosi-lantifascismo-e-e-deve-rimanere-un-valore-condiviso","status":"publish","type":"post","link":"https:\/\/www.messinaoggi.it\/website\/2024\/08\/02\/piantedosi-lantifascismo-e-e-deve-rimanere-un-valore-condiviso\/","title":{"rendered":"Piantedosi \u201cL\u2019antifascismo \u00e8 e deve rimanere un valore condiviso\u201d"},"content":{"rendered":"<div>ROMA (ITALPRESS) &#8211; Il ministro dell&#8217;Interno, Matteo Piantedosi, anche quest&#8217;anno a Bologna rappresenta il governo durante le commemorazioni della strage. &#8220;Sono stato designato e ne sono onorato anche perch\u00e8 da Bologna hanno detto &#8216;bene, \u00e8 uno che ci conosc\u00e8. Conosco la citt\u00e0, conosco la storia della strage, che cosa ha rappresentato e rappresenta. La matrice della strage \u00e8 neofascista: \u00e8 accertata da sentenze definitive e nessuno le pu\u00f2 mettere in discussione&#8221;, commenta in un&#8217;intervista al Corriere della Sera.<br \/>Lo scorso anno, sottolinea Piantedosi, &#8220;parlai a nome di tutto il governo in maniera inequivocabile. La condanna giudiziaria di persone che si definivano orgogliosamente neofasciste non lascia equivoci. E lo dimostrano anche le ultime sentenze&#8221;. &#8220;Se dopo quarant&#8217;anni c&#8217;\u00e8 stata un&#8217;univoca conclusione giudiziaria rispetto alla matrice, non ci sono elementi di discussione &#8211; aggiunge -. Per chi rappresento adesso, il governo nella sua interezza, \u00e8 un dato acquisito. Il rischio di un ritorno in Italia di un regime di stampo fascista \u00e8 pari a zero. Nessun partito politico in Parlamento \u00e8 nemmeno lontanamente assimilabile al fascismo. L&#8217;antifascismo \u00e8 e deve rimanere un valore condiviso. E non pu\u00f2 trasformarsi in uno strumento ideologico per attaccare politicamente e delegittimare l&#8217;avversario&#8221;.<br \/>&#8220;Se ci sono gruppi che inneggiano al fascismo, vanno condannati da tutti con fermezza &#8211; ci tiene a puntualizzare il ministro -. Ma dobbiamo essere consapevoli che non sono in grado in alcun modo di incidere sulla vita democratica del Paese. Ove una formazione provasse a organizzarsi come un partito di ispirazione fascista, esso sarebbe contrastato e sciolto, non appena si concretizzassero gli elementi previsti dalla legge&#8221;. L&#8217;ipotesi che gruppi di estrema destra come CasaPound e Forza Nuova sentano che con il centrodestra al governo il clima \u00e8 cambiato &#8220;va respinta nella maniera pi\u00f9 assoluta e non credo affatto che possano sentirsi legittimati dal contesto politico &#8211; prosegue -. Posso garantire che il governo non d\u00e0 e non dar\u00e0 mai copertura o legittimazione a frange estremiste. La dimostrazione \u00e8 in quello che stiamo facendo e in quello che abbiamo fatto. In tutti casi saliti all&#8217;attenzione delle cronache le forze di polizia sono intervenute con puntualit\u00e0 e fermezza nell&#8217;attribuire a ognuno le proprie responsabilit\u00e0&#8221;. Dopo l&#8217;aggressione al giornalista della Stampa Andrea Joly il presidente Sergio Mattarella ha parlato di atto eversivo. <br \/>&#8220;Ed io da ministro dell&#8217;Interno posso garantire e ribadire che non ci sono spazi di impunit\u00e0 &#8211; sottolinea Piantedosi -. Al Viminale c&#8217;\u00e8 un osservatorio che monitora attentamente il fenomeno delle violenze contro la stampa insieme agli stessi rappresentanti dei giornalisti. Per noi il caposaldo principale \u00e8 la libert\u00e0 di pensiero e di espressione, soprattutto di chi per lavoro deve informare e documentare la realt\u00e0. Le azioni delle frange estreme, di destra come di sinistra, che agiscono in maniera violenta certamente non fanno mai bene a nessun governo e a nessuna maggioranza. Danneggiano il clima politico laddove invece una pacifica dialettica avvantaggia tutti&#8221;. &#8220;E&#8217; un atto gravissimo &#8211; aggiunge -. Per questo ringrazio la questura di Torino che \u00e8 riuscita a individuare in brevissimo tempo gli aggressori. Ora \u00e8 tutto nelle mani della magistratura. La nostra linea \u00e8 quella dell&#8217;intransigenza totale verso chi utilizza la violenza politica e questo non riguarda soltanto i casi in cui le vittime sono i giornalisti. Simili atti hanno e avranno sempre priorit\u00e0 di attenzione da parte degli organi investigativi. Come dimostrano tutti i casi recentemente accaduti&#8221;.<br \/>In merito allo scioglimento di CasaPound, &#8220;\u00e8 stato pi\u00f9 volte chiarito che, per poter procedere allo scioglimento, \u00e8 necessaria una pronuncia della magistratura. Questo \u00e8 confermato dal fatto che anche altri precedenti governi guidati dalla sinistra non hanno inteso procedere allo scioglimento&#8221;. E per quanto riguarda le manifestazioni antisemite, che stanno aumentando: &#8220;Abbiamo dovuto innalzare la vigilanza su centinaia di obiettivi sensibili riferibili a Israele o alle comunit\u00e0 ebraiche. Siamo in una situazione di costante allerta, senza per questo che ci debba essere allarmismo. E&#8217; vero, da tempo c&#8217;\u00e8 un aumento delle manifestazioni legate al conflitto israelopalestinese con una radicalizzazione delle posizioni. Ho detto pi\u00f9 volte che c&#8217;\u00e8 sicuramente stato un rigurgito antisemita, sovente mascherato da posizioni critiche contro Israele. C&#8217;\u00e8 un aumento di fatti che riguarda forme pi\u00f9 estreme di contestazione: incendio delle bandiere israeliane, tentativi di aggressione alla brigata ebraica, forme varie di intolleranza. Tutti atti su cui \u00e8 forte l&#8217;attenzione e l&#8217;attivit\u00e0 di contrasto da parte delle forze di polizia&#8221;. Piantedosi ricorda di avere rassicurato pubblicamente la senatrice Liliana Segre, che si \u00e8 chiesta se deve avere ancora paura: &#8220;L&#8217;ho fatto a nome dell&#8217;intero governo. Perch\u00e8 lei rappresenta per gli italiani una icona della democrazia e della lotta contro ogni forma di discriminazione e intolleranza. Dobbiamo difendere in ogni modo il suo impegno e quello che lei rappresenta per tutti. N\u00e8 la senatrice Segre n\u00e8 nessun altro dovranno mai avere paura. Sull&#8217;uso della violenza non faremo sconti a nessuno&#8221;.<br \/>(ITALPRESS).<\/div>\n<div id=\"div-gpt-ad-Messinaoggi.it-DSK-300x250-corpoart\" style=\"text-align:center;margin:0 auto;\"><\/div><\/p><div id=\"videoincontent\" style=\"clear:both\";><\/div>","protected":false},"excerpt":{"rendered":"<p>ROMA (ITALPRESS) &#8211; Il ministro dell&#8217;Interno, Matteo Piantedosi, anche quest&#8217;anno a Bologna rappresenta il governo durante le commemorazioni della strage. &#8220;Sono stato designato e ne sono onorato anche perch\u00e8 da Bologna hanno detto &#8216;bene, \u00e8 uno che ci conosc\u00e8. Conosco la citt\u00e0, conosco la storia della strage, che cosa ha rappresentato e rappresenta. La matrice [&hellip;]<\/p>\n","protected":false},"author":18,"featured_media":207116,"comment_status":"closed","ping_status":"closed","sticky":false,"template":"","format":"standard","meta":{"ub_ctt_via":"","_mi_skip_tracking":false},"categories":[446],"tags":[783],"featured_image_src":"https:\/\/www.messinaoggi.it\/website\/wp-content\/uploads\/2024\/08\/20240802_0076.jpg","author_info":{"display_name":"Admin","author_link":"https:\/\/www.messinaoggi.it\/website\/author\/admin\/"},"digistream_id":0,"digistream":false,"_links":{"self":[{"href":"https:\/\/www.messinaoggi.it\/website\/wp-json\/wp\/v2\/posts\/207115"}],"collection":[{"href":"https:\/\/www.messinaoggi.it\/website\/wp-json\/wp\/v2\/posts"}],"about":[{"href":"https:\/\/www.messinaoggi.it\/website\/wp-json\/wp\/v2\/types\/post"}],"author":[{"embeddable":true,"href":"https:\/\/www.messinaoggi.it\/website\/wp-json\/wp\/v2\/users\/18"}],"replies":[{"embeddable":true,"href":"https:\/\/www.messinaoggi.it\/website\/wp-json\/wp\/v2\/comments?post=207115"}],"version-history":[{"count":0,"href":"https:\/\/www.messinaoggi.it\/website\/wp-json\/wp\/v2\/posts\/207115\/revisions"}],"wp:featuredmedia":[{"embeddable":true,"href":"https:\/\/www.messinaoggi.it\/website\/wp-json\/wp\/v2\/media\/207116"}],"wp:attachment":[{"href":"https:\/\/www.messinaoggi.it\/website\/wp-json\/wp\/v2\/media?parent=207115"}],"wp:term":[{"taxonomy":"category","embeddable":true,"href":"https:\/\/www.messinaoggi.it\/website\/wp-json\/wp\/v2\/categories?post=207115"},{"taxonomy":"post_tag","embeddable":true,"href":"https:\/\/www.messinaoggi.it\/website\/wp-json\/wp\/v2\/tags?post=207115"}],"curies":[{"name":"wp","href":"https:\/\/api.w.org\/{rel}","templated":true}]}}